{"Signatur": "VD_TC_031", "Spider": "VD_Omni", "Sprache": "fr", "Datum": "2025-08-13", "HTML": {"Datei": "VD_Omni/VD_TC_031_FI-2025-0029_2025-08-13.html", "URL": "http://www.jurisprudence.vd.ch/scripts/nph-omniscgi.exe?OmnisPlatform=WINDOWS&WebServerUrl=&WebServerScript=/scripts/nph-omniscgi.exe&OmnisLibrary=JURISWEB&OmnisClass=rtFindinfoWebHtmlService&OmnisServer=7001&Parametername=WWW_V4&Schema=VD_TA_WEB&Source=search.fiw&Aufruf=getMarkupDocument&cSprache=FRE&nF30_KEY=185329&W10_KEY=10594047&nTrefferzeile=50&Template=search/standard/results/document.fiw", "Checksum": "a6abf387f29aa98047385dfc5370e53f"}, "Scrapedate": "2023-01-01", "Num": ["FI.2025.0029"], "Kopfzeile": [{"Sprachen": ["fr", "de", "it"], "Text": "Vaud Tribunal cantonal Cour de droit administratif et public 13.08.2025 FI.2025.0029"}], "Meta": [{"Sprachen": ["de"], "Text": "Waadt  Cour de droit administratif et public"}, {"Sprachen": ["fr"], "Text": "Vaud Tribunal cantonal Cour de droit administratif et public"}, {"Sprachen": ["it"], "Text": "Vaud  Cour de droit administratif et public"}], "Abstract": [{"Sprachen": ["de", "fr", "it"], "Text": "A.________/Administration cantonale des imp\u00f4ts, Commune de ********, Commune de ********, Service cantonal des contributions du canton du Valais, Administration f\u00e9d\u00e9rale des contributions | D\u00e9cision pr\u00e9judicielle rendue par l'Administration cantonale des imp\u00f4ts en mati\u00e8re de fixation du for principal ICC et IFD d'une contribuable personne physique, alors que le domicile est contest\u00e9 entre les cantons de Vaud et du Valais. Pour l'IFD, la jurisprudence a consid\u00e9r\u00e9 que l'art. 108 LIFD attribuait la comp\u00e9tence de fixer le for uniquement \u00e0 l'AFC et pas \u00e0 l'administration cantonale de l'IFD (ATF 150 II 244). La cause est donc tranmise \u00e0 l'AFC. Pour l'ICC, compte tenu des circonstances particuli\u00e8res, le recours doit \u00eatre admis, la d\u00e9cision annul\u00e9e et la cause renvoy\u00e9e devant l'ACI pour nouvelle d\u00e9cision. Cette solution permettra en outre \u00e0 l'autorit\u00e9 intim\u00e9e de coordonner les proc\u00e9dures relatives \u00e0 l'imp\u00f4t f\u00e9d\u00e9ral direct d'une part et aux imp\u00f4ts cantonaux et communaux d'autre part par des mesures appropri\u00e9es (par exemple, la suspension de cause).\rRecours au TF pendant (9C_508/2025)."}], "ScrapyJob": "446973/40/2254", "Zeit UTC": "26.04.2026 01:30:05", "Checksum": "d91332d61e5eb41189447797d8a0a0c5"}