{"Signatur": "VD_TC_031", "Spider": "VD_Omni", "Sprache": "fr", "Datum": "2026-02-16", "HTML": {"Datei": "VD_Omni/VD_TC_031_FI-2025-0086_2026-02-16.html", "URL": "http://www.jurisprudence.vd.ch/scripts/nph-omniscgi.exe?OmnisPlatform=WINDOWS&WebServerUrl=&WebServerScript=/scripts/nph-omniscgi.exe&OmnisLibrary=JURISWEB&OmnisClass=rtFindinfoWebHtmlService&OmnisServer=7001&Parametername=WWW_V4&Schema=VD_TA_WEB&Source=search.fiw&Aufruf=getMarkupDocument&cSprache=FRE&nF30_KEY=185992&W10_KEY=10594047&nTrefferzeile=25&Template=search/standard/results/document.fiw", "Checksum": "7ee9c3eb591d7bcc493b0b2f376aaa6d"}, "Scrapedate": "2026-03-18", "Num": ["FI.2025.0086"], "Kopfzeile": [{"Sprachen": ["fr", "de", "it"], "Text": "Vaud Tribunal cantonal Cour de droit administratif et public 16.02.2026 FI.2025.0086"}], "Meta": [{"Sprachen": ["de"], "Text": "Waadt  Cour de droit administratif et public"}, {"Sprachen": ["fr"], "Text": "Vaud Tribunal cantonal Cour de droit administratif et public"}, {"Sprachen": ["it"], "Text": "Vaud  Cour de droit administratif et public"}], "Abstract": [{"Sprachen": ["de", "fr", "it"], "Text": "A.________, B.________/Administration cantonale des imp\u00f4ts, Administration f\u00e9d\u00e9rale des contributions | Jonction de deux proc\u00e9dures devant la CDAP. Proc\u00e9dure concernant la taxation de la p\u00e9riode fiscale 2020: confirmation du refus par l'ACI du report de pertes invoqu\u00e9 par les contribuables. Le report de pertes compensables est repr\u00e9sent\u00e9 par la somme des r\u00e9sultats d\u00e9ficitaires des sept derniers exercices. Le recourant semble cependant confondre cette notion de perte, avec celle du d\u00e9couvert comptable, qui r\u00e9sulte d'un exc\u00e8s de pr\u00e9l\u00e8vements priv\u00e9s par rapport aux b\u00e9n\u00e9fices r\u00e9alis\u00e9s. Confirmation \u00e9galement du refus de d\u00e9duction des frais m\u00e9dicaux. Cette d\u00e9duction n'est ouverte que lorsque les frais d\u00e9passent le 5% du revenu imposable apr\u00e8s application des autres d\u00e9ductions g\u00e9n\u00e9rales et sp\u00e9ciales, mais avant les d\u00e9ductions sociales. En dessous de ce seuil de 5%, aucune d\u00e9duction n'est autoris\u00e9e, si ce n'est la d\u00e9duction des primes d\u2019assurance-maladie mais dans le cadre de la d\u00e9duction pr\u00e9vue \u00e0 l'art. 33 let. g LIFD. Telle est en effet la r\u00e8gle pr\u00e9vue tant \u00e0 l'art. 33 let. h LIFD que 37 let. h LI. M\u00eame solution pour les p\u00e9riodes fiscales 2017, 2018, 2019 et 2021, objet d'une proc\u00e9dure de r\u00e9vision. Admission tr\u00e8s partielle du recours sur un \u00e9l\u00e9ment du calcul du taux d'imp\u00f4t pour la p\u00e9riode fiscale 2022.\rRecours au TF pendant (9C_215/2026)."}], "ScrapyJob": "446973/40/2254", "Zeit UTC": "26.04.2026 01:42:38", "Checksum": "ed10b36fea8afcf0223745d694371b39"}