{"Signatur": "VD_TC_031", "Spider": "VD_Omni", "Sprache": "fr", "Datum": "2026-03-19", "HTML": {"Datei": "VD_Omni/VD_TC_031_FI-2025-0132_2026-03-19.html", "URL": "http://www.jurisprudence.vd.ch/scripts/nph-omniscgi.exe?OmnisPlatform=WINDOWS&WebServerUrl=&WebServerScript=/scripts/nph-omniscgi.exe&OmnisLibrary=JURISWEB&OmnisClass=rtFindinfoWebHtmlService&OmnisServer=7001&Parametername=WWW_V4&Schema=VD_TA_WEB&Source=search.fiw&Aufruf=getMarkupDocument&cSprache=FRE&nF30_KEY=186109&W10_KEY=10594047&nTrefferzeile=50&Template=search/standard/results/document.fiw", "Checksum": "09ac0f9abc08490affc23b77bbbfa4e0"}, "Scrapedate": "2026-04-16", "Num": ["FI.2025.0132"], "Kopfzeile": [{"Sprachen": ["fr", "de", "it"], "Text": "Vaud Tribunal cantonal Cour de droit administratif et public 19.03.2026 FI.2025.0132"}], "Meta": [{"Sprachen": ["de"], "Text": "Waadt  Cour de droit administratif et public"}, {"Sprachen": ["fr"], "Text": "Vaud Tribunal cantonal Cour de droit administratif et public"}, {"Sprachen": ["it"], "Text": "Vaud  Cour de droit administratif et public"}], "Abstract": [{"Sprachen": ["de", "fr", "it"], "Text": "A.________/Administration cantonale des imp\u00f4ts, Administration f\u00e9d\u00e9rale des contributions | Le recourant ne conteste pas que les conditions qui permettaient \u00e0 l\u2019autorit\u00e9 de proc\u00e9der \u00e0 des taxations d\u2019office \u00e9taient r\u00e9unies durant les p\u00e9riodes 2013 \u00e0 2015. Il fait cependant valoir que les taxations qui lui ont \u00e9t\u00e9 notifi\u00e9es seraient frapp\u00e9es de nullit\u00e9 en ce qui concerne leur r\u00e9sultat et soutient que l'inexactitude manifeste de ces taxations d'office serait caract\u00e9ris\u00e9e, que celles-ci rev\u00eatent en sus un caract\u00e8re punitif notoire.\rComme l\u2019autorit\u00e9 de taxation ne disposait d\u2019aucune information quelconque sur la situation du recourant, qui n'a jamais d\u00e9pos\u00e9 de d\u00e9claration, elle a estim\u00e9 que ce dernier, qui avait atteint l\u2019\u00e2ge de 21 ans, avait int\u00e9gr\u00e9 le march\u00e9 du travail et lui a imput\u00e9 un revenu; or, des proc\u00e8s-verbaux de saisie en main de l'autorit\u00e9 de recouvrement, il ressort sans ambigu\u00eft\u00e9 aucune que le recourant, \u00e9tudiant, ne r\u00e9alisait aucun revenu et ne d\u00e9tenait aucun bien saisissable. Cependant, ces proc\u00e8s-verbaux ne figuraient pas dans le dossier de taxation du contribuable et \u00e0 l'\u00e9poque des taxations incrimin\u00e9es, les taxateurs ne disposaient pas encore d\u2019un acc\u00e8s informatique aux \u00e9ventuels proc\u00e8s-verbaux de saisie.\rEn outre, il appara\u00eet qu\u2019en augmentant les \u00e9l\u00e9ments imposables du recourant durant deux p\u00e9riodes suivantes, l\u2019autorit\u00e9 de taxation, qui ne disposait d\u2019aucune indication sur les revenus r\u00e9alis\u00e9s par le recourant et ignorait que l\u2019estimation qu\u2019elle avait fait de ce revenu \u00e9tait trop \u00e9lev\u00e9e, n\u2019a pas cherch\u00e9 \u00e0 sanctionner son comportement; les taxations d\u2019office notifi\u00e9es au recourant ne rev\u00eatent en cons\u00e9quence aucun caract\u00e8re punitif ou incitatif, contrairement \u00e0 ce qu\u2019il pr\u00e9tend.\rAucun indice ne permet de retenir que l\u2019autorit\u00e9 de taxation aurait abus\u00e9 de l\u2019exercice de son pouvoir dans l\u2019\u00e9valuation par appr\u00e9ciation des \u00e9l\u00e9ments imposables chez le recourant.\rRejet du recours et confirmation de la d\u00e9cision sur r\u00e9clamation attaqu\u00e9e.\rRecours au TF pendant (9C_242/2026)."}], "ScrapyJob": "446973/40/2254", "Zeit UTC": "26.04.2026 01:26:19", "Checksum": "9044ff1567e1db34d4667788b031b9bd"}