{"Signatur": "VD_TC_031", "Spider": "VD_Omni", "Sprache": "fr", "Datum": "2026-03-19", "HTML": {"Datei": "VD_Omni/VD_TC_031_FI-2025-0172_2026-03-19.html", "URL": "http://www.jurisprudence.vd.ch/scripts/nph-omniscgi.exe?OmnisPlatform=WINDOWS&WebServerUrl=&WebServerScript=/scripts/nph-omniscgi.exe&OmnisLibrary=JURISWEB&OmnisClass=rtFindinfoWebHtmlService&OmnisServer=7001&Parametername=WWW_V4&Schema=VD_TA_WEB&Source=search.fiw&Aufruf=getMarkupDocument&cSprache=FRE&nF30_KEY=186110&W10_KEY=10594047&nTrefferzeile=49&Template=search/standard/results/document.fiw", "Checksum": "a80a313a6a97894ad0882f3744ef13ae"}, "Scrapedate": "2026-04-16", "Num": ["FI.2025.0172"], "Kopfzeile": [{"Sprachen": ["fr", "de", "it"], "Text": "Vaud Tribunal cantonal Cour de droit administratif et public 19.03.2026 FI.2025.0172"}], "Meta": [{"Sprachen": ["de"], "Text": "Waadt  Cour de droit administratif et public"}, {"Sprachen": ["fr"], "Text": "Vaud Tribunal cantonal Cour de droit administratif et public"}, {"Sprachen": ["it"], "Text": "Vaud  Cour de droit administratif et public"}], "Abstract": [{"Sprachen": ["de", "fr", "it"], "Text": "A.________/Administration cantonale des imp\u00f4ts, Office d'imp\u00f4t des districts ********, Administration f\u00e9d\u00e9rale des contributions | Confirmation du rejet d'une demande de r\u00e9vision d'une taxation d\u00e9finitive entr\u00e9e en force. \rRappel qu'un contribuable n\u2019est pas fond\u00e9 \u00e0 pr\u00e9tendre \u00e0 une rectification d\u2019office d\u2019une d\u00e9cision de taxation entr\u00e9e en force.\rLe recourant n\u2019a revendiqu\u00e9 aucune d\u00e9duction pour famille et pour enfants \u00e0 charge durant la p\u00e9riode concern\u00e9e; l\u2019office d\u2019imp\u00f4t s\u2019est fi\u00e9 au contenu de cette d\u00e9claration et a arr\u00eat\u00e9 le revenu imposable du recourant, conform\u00e9ment aux \u00e9l\u00e9ments qu\u2019il avait lui-m\u00eame d\u00e9clar\u00e9s. Le recourant, qui pourtant \u00e9tait cens\u00e9 conna\u00eetre sa propre situation, n\u2019a form\u00e9 aucune r\u00e9clamation \u00e0 l\u2019encontre de cette taxation, qui est entr\u00e9e en force.\rLe recourant explique avoir d\u00e9couvert que la rente Al que per\u00e7oit son fils \u00e9tait ajout\u00e9e \u00e0 ses propres revenus, alors qu'elle aurait d\u00fb faire partie des \u00e9l\u00e9ments imposables de son fils majeur et contribuable s\u00e9par\u00e9; en faisant preuve de diligence, il aurait pu faire valoir ce motif au cours de la proc\u00e9dure ordinaire. En outre, le motif invoqu\u00e9 n'est pas d\u00e9terminant, dans la mesure o\u00f9 les rentes AVS/AI doivent \u00eatre d\u00e9clar\u00e9es par les personnes qui en sont les ayants droit imm\u00e9diats et sont imposables dans le chef de ces personnes; cela vaut \u00e9galement lorsque la rente est per\u00e7ue pour un enfant majeur, auquel elle est vers\u00e9e directement.\rRejet du recours.\rRecours au TF pendant (9C_240/2026)."}], "ScrapyJob": "446973/40/2254", "Zeit UTC": "26.04.2026 01:26:19", "Checksum": "e2504d67b482b46406074f5c55266595"}