{"Signatur": "VD_TC_031", "Spider": "VD_Omni", "Sprache": "fr", "Datum": "2018-06-29", "HTML": {"Datei": "VD_Omni/VD_TC_031_FO-2017-0017_2018-06-29.html", "URL": "http://www.jurisprudence.vd.ch/scripts/nph-omniscgi.exe?OmnisPlatform=WINDOWS&WebServerUrl=&WebServerScript=/scripts/nph-omniscgi.exe&OmnisLibrary=JURISWEB&OmnisClass=rtFindinfoWebHtmlService&OmnisServer=7001&Parametername=WWW_V4&Schema=VD_TA_WEB&Source=search.fiw&Aufruf=getMarkupDocument&cSprache=FRE&nF30_KEY=176279&W10_KEY=10550255&nTrefferzeile=3&Template=search/standard/results/document.fiw", "Checksum": "6b399c2c527034e3c262d93b0c0cf15b"}, "Scrapedate": "2023-01-01", "Num": ["FO.2017.0017"], "Kopfzeile": [{"Sprachen": ["fr", "de", "it"], "Text": "Vaud Tribunal cantonal Cour de droit administratif et public 29.06.2018 FO.2017.0017"}], "Meta": [{"Sprachen": ["de"], "Text": "Waadt  Cour de droit administratif et public"}, {"Sprachen": ["fr"], "Text": "Vaud Tribunal cantonal Cour de droit administratif et public"}, {"Sprachen": ["it"], "Text": "Vaud  Cour de droit administratif et public"}], "Abstract": [{"Sprachen": ["de", "fr", "it"], "Text": "A.________/Service des communes et du logement, Municipalit\u00e9 de Pully | Selon une interpr\u00e9tation t\u00e9l\u00e9ologique de la LPPPL, en cas de p\u00e9nurie s\u00e9v\u00e8re, des conditions limitant le droit d\u2019ali\u00e9ner un logement peuvent se cumuler dans le temps. La n\u00e9cessit\u00e9 de poser des conditions est une question qui doit \u00eatre \u00e9tudi\u00e9e lors de chaque ali\u00e9nation, en fonction de la situation du march\u00e9 \u00e0 ce moment-l\u00e0. Les conditions permettant de porter atteinte \u00e0 la garantie de la propri\u00e9t\u00e9 sont r\u00e9unies l'esp\u00e8ce et une nouvelle mesure peut succ\u00e9der \u00e0 une premi\u00e8re mesure qui imposait le maintien du logement sur le march\u00e9 locatif pendant dix ans. Toutefois, admission partielle du recours, au motif que l'autorit\u00e9 intim\u00e9e a retenu \u00e0 tort que le recourant \u00e9tait un professionnel de l'immobilier (r\u00e9duction de la dur\u00e9e de la mesure de cinq \u00e0 trois ans)."}], "ScrapyJob": "446973/40/2238", "Zeit UTC": "10.04.2026 21:52:29", "Checksum": "d5ed016a2fc93c40d42e88378908ca3f"}