{"Signatur": "VD_TC_031", "Spider": "VD_Omni", "Sprache": "fr", "Datum": "2022-01-19", "HTML": {"Datei": "VD_Omni/VD_TC_031_FO-2021-0006_2022-01-19.html", "URL": "http://www.jurisprudence.vd.ch/scripts/nph-omniscgi.exe?OmnisPlatform=WINDOWS&WebServerUrl=&WebServerScript=/scripts/nph-omniscgi.exe&OmnisLibrary=JURISWEB&OmnisClass=rtFindinfoWebHtmlService&OmnisServer=7001&Parametername=WWW_V4&Schema=VD_TA_WEB&Source=search.fiw&Aufruf=getMarkupDocument&cSprache=FRE&nF30_KEY=181091&W10_KEY=10550255&nTrefferzeile=18&Template=search/standard/results/document.fiw", "Checksum": "7856a11712c5871ba6ecd1e22a000b47"}, "Scrapedate": "2023-01-01", "Num": ["FO.2021.0006"], "Kopfzeile": [{"Sprachen": ["fr", "de", "it"], "Text": "Vaud Tribunal cantonal Cour de droit administratif et public 19.01.2022 FO.2021.0006"}], "Meta": [{"Sprachen": ["de"], "Text": "Waadt  Cour de droit administratif et public"}, {"Sprachen": ["fr"], "Text": "Vaud Tribunal cantonal Cour de droit administratif et public"}, {"Sprachen": ["it"], "Text": "Vaud  Cour de droit administratif et public"}], "Abstract": [{"Sprachen": ["de", "fr", "it"], "Text": "A.________ /Commission d'affermage, B._________ | Annulation d'une d\u00e9cision de la Commission d'affermage fixant, six ans apr\u00e8s la conclusion du bail \u00e0 ferme et \u00e0 la demande du fermier, le montant licite du fermage de locaux affect\u00e9s \u00e0 la pr\u00e9paration et au conditionnement de l\u00e9gumes provenant d'une exploitation agricole. L'autorit\u00e9 intim\u00e9e a perdu de vue que la d\u00e9cision en constatation de l\u2019art. 49 LBFA rev\u00eat un caract\u00e8re subsidiaire par rapport \u00e0 l\u2019opposition pr\u00e9vue par l\u2019art. 43 LBFA. Comme le fermage litigieux ne peut plus \u00eatre frapp\u00e9 d\u2019opposition par l\u2019autorit\u00e9 comp\u00e9tente, le d\u00e9lai de deux ans apr\u00e8s l\u2019entr\u00e9e en jouissance de l\u2019immeuble afferm\u00e9 \u00e9tant maintenant \u00e9chu, c'est seulement si le fermier peut justifier d'un int\u00e9r\u00eat digne de protection \u00e0 la constatation de l'illic\u00e9it\u00e9 du montant du fermage qu'il peut \u00eatre entr\u00e9 en mati\u00e8re sur sa demande. In casu, cet int\u00e9r\u00eat fait d\u00e9faut puisque le fermier ne peut plus obtenir en sa faveur un jugement condamnatoire, tant sur le plan du droit civil que sur le plan du droit administratif.\rRecours au TF rejet\u00e9 (2C_155/2022 du 25 novembre 2022)."}], "ScrapyJob": "446973/40/2238", "Zeit UTC": "10.04.2026 21:11:07", "Checksum": "928d4617f00f9154a80edd47746a5fc1"}