{"Signatur": "VD_TC_031", "Spider": "VD_Omni", "Sprache": "fr", "Datum": "1993-11-04", "HTML": {"Datei": "VD_Omni/VD_TC_031_GE-1993-0106_1993-11-04.html", "URL": "http://www.jurisprudence.vd.ch/scripts/nph-omniscgi.exe?OmnisPlatform=WINDOWS&WebServerUrl=&WebServerScript=/scripts/nph-omniscgi.exe&OmnisLibrary=JURISWEB&OmnisClass=rtFindinfoWebHtmlService&OmnisServer=7001&Parametername=WWW_V4&Schema=VD_TA_WEB&Source=search.fiw&Aufruf=getMarkupDocument&cSprache=FRE&nF30_KEY=37702&W10_KEY=10550259&nTrefferzeile=41&Template=search/standard/results/document.fiw", "Checksum": "a3316df7ce0cdb5c5f4404f9d65c1aa0"}, "Scrapedate": "2023-01-01", "Num": ["GE.1993.0106"], "Kopfzeile": [{"Sprachen": ["fr", "de", "it"], "Text": "Vaud Tribunal cantonal Cour de droit administratif et public 04.11.1993 GE.1993.0106"}], "Meta": [{"Sprachen": ["de"], "Text": "Waadt  Cour de droit administratif et public"}, {"Sprachen": ["fr"], "Text": "Vaud Tribunal cantonal Cour de droit administratif et public"}, {"Sprachen": ["it"], "Text": "Vaud  Cour de droit administratif et public"}], "Abstract": [{"Sprachen": ["de", "fr", "it"], "Text": "c/Pr\u00e9fet Lausanne | Pas d'int\u00e9r\u00eat actuel \u00e0 obtenir la constatation de l'ill\u00e9galit\u00e9 d'un mandat d'amener (art. 74 al. 4 LVLP) d\u00e9j\u00e0 ex\u00e9cut\u00e9."}], "ScrapyJob": "446973/40/2238", "Zeit UTC": "11.04.2026 05:10:12", "Checksum": "ae80ffecde61ca737be252ca0794bc1d"}