{"Signatur": "VD_TC_031", "Spider": "VD_Omni", "Sprache": "fr", "Datum": "2005-06-27", "HTML": {"Datei": "VD_Omni/VD_TC_031_GE-2005-0031_2005-06-27.html", "URL": "http://www.jurisprudence.vd.ch/scripts/nph-omniscgi.exe?OmnisPlatform=WINDOWS&WebServerUrl=&WebServerScript=/scripts/nph-omniscgi.exe&OmnisLibrary=JURISWEB&OmnisClass=rtFindinfoWebHtmlService&OmnisServer=7001&Parametername=WWW_V4&Schema=VD_TA_WEB&Source=search.fiw&Aufruf=getMarkupDocument&cSprache=FRE&nF30_KEY=153568&W10_KEY=10550259&nTrefferzeile=29&Template=search/standard/results/document.fiw", "Checksum": "51fa8e5ceca53bba32bde3dd758a206f"}, "Scrapedate": "2023-01-01", "Num": ["GE.2005.0031"], "Kopfzeile": [{"Sprachen": ["fr", "de", "it"], "Text": "Vaud Tribunal cantonal Cour de droit administratif et public 27.06.2005 GE.2005.0031"}], "Meta": [{"Sprachen": ["de"], "Text": "Waadt  Cour de droit administratif et public"}, {"Sprachen": ["fr"], "Text": "Vaud Tribunal cantonal Cour de droit administratif et public"}, {"Sprachen": ["it"], "Text": "Vaud  Cour de droit administratif et public"}], "Abstract": [{"Sprachen": ["de", "fr", "it"], "Text": "X. et crts /D\u00e9partement de la formation et de la jeunesse, Centre d'enseignement professionnel Vevey (CEPV) | Manquement \u00e0 l'obligation de fr\u00e9quenter l'\u00e9cole professionnelle (LFPr-21-3, LVLFPr-88). L'exclusion prononc\u00e9e pour ce motif \u00e0 l'encontre des \u00e9tudiants en \"gr\u00e8ve\" depuis le 4 octobre 2004 et qui, en d\u00e9pit d'un avertissement formel, n'ont pas repris les cours le 10 janvier 2005 (\u00e0 la diff\u00e9rence de leurs camarades de vol\u00e9e) constitue une sanction disproportionn\u00e9e compte tenu des circonstances. Pas de violation du droit d'\u00eatre entendu en l'esp\u00e8ce. Recours admis, frais et d\u00e9pens compens\u00e9s."}], "ScrapyJob": "446973/40/2238", "Zeit UTC": "11.04.2026 02:13:29", "Checksum": "76c2364b2694e9f37cafe4a05ed8d78e"}