{"Signatur": "VD_TC_031", "Spider": "VD_Omni", "Sprache": "fr", "Datum": "2006-12-19", "HTML": {"Datei": "VD_Omni/VD_TC_031_GE-2005-0105_2006-12-19.html", "URL": "http://www.jurisprudence.vd.ch/scripts/nph-omniscgi.exe?OmnisPlatform=WINDOWS&WebServerUrl=&WebServerScript=/scripts/nph-omniscgi.exe&OmnisLibrary=JURISWEB&OmnisClass=rtFindinfoWebHtmlService&OmnisServer=7001&Parametername=WWW_V4&Schema=VD_TA_WEB&Source=search.fiw&Aufruf=getMarkupDocument&cSprache=FRE&nF30_KEY=156869&W10_KEY=10550259&nTrefferzeile=28&Template=search/standard/results/document.fiw", "Checksum": "e471ea4f105fc965732fa30372acf1a8"}, "Scrapedate": "2023-01-01", "Num": ["GE.2005.0105"], "Kopfzeile": [{"Sprachen": ["fr", "de", "it"], "Text": "Vaud Tribunal cantonal Cour de droit administratif et public 19.12.2006 GE.2005.0105"}], "Meta": [{"Sprachen": ["de"], "Text": "Waadt  Cour de droit administratif et public"}, {"Sprachen": ["fr"], "Text": "Vaud Tribunal cantonal Cour de droit administratif et public"}, {"Sprachen": ["it"], "Text": "Vaud  Cour de droit administratif et public"}], "Abstract": [{"Sprachen": ["de", "fr", "it"], "Text": "X. /Service de la sant\u00e9 publique | Renvoi de la cause au Service de la sant\u00e9 publique pour r\u00e9\u00e9valuation de diff\u00e9rents aspects relatifs \u00e0 la reconnaissance de formation de la recourante; deux voies de formation ne sauraient \u00eatre consid\u00e9r\u00e9es comme \u00e9tant \u00e0 double emploi si elles permettent de distinguer deux approches dans l'exercice de l'ost\u00e9opathie; en outre, l'autorit\u00e9 cantonale ne peut adh\u00e9rer sans v\u00e9rification \u00e0 un pr\u00e9avis sch\u00e9matique de la CIREO ne prenant en consid\u00e9ration qu'une partie de la formation effectu\u00e9e, s'il ressort des all\u00e9gations de la recourante et de divers documents que cette formation a \u00e9t\u00e9 suivie dans sa totalit\u00e9; l'autorit\u00e9 cantonale devra \u00e9galement v\u00e9rifier si les cahiers de travaux dirig\u00e9s produits par la recourante ont fait l'objet d'une \u00e9valuation par un professionnel responsable de la formation et dans l'affirmative, d\u00e9terminer dans quelle mesure il doit en \u00eatre tenu compte; l'\u00e9tude de cas cliniques qui n'est supervis\u00e9e qu'\u00e0 raison de 2 \u00e0 3 fois par an ne saurait en revanche \u00eatre comptabilis\u00e9e; de m\u00eame, les heures effectu\u00e9es au titre de pratique clinique qui ne peuvent \u00eatre attest\u00e9es par un \"ma\u00eetre de stage\" ne sauraient \u00eatre compt\u00e9es dans leur totalit\u00e9; deux th\u00e8ses dont les sujets trait\u00e9s sont radicalement diff\u00e9rents doivent \u00eatre prises en consid\u00e9ration dans une mesure que l'autorit\u00e9 cantonale devra \u00e9valuer; des s\u00e9minaires de formation \u00e9quivalant \u00e0 de la formation continue ne peuvent \u00eatre assimil\u00e9s \u00e0 une formation de base."}], "ScrapyJob": "446973/40/2238", "Zeit UTC": "11.04.2026 01:42:03", "Checksum": "d991e218c9df26f70a80aa14b532e1c0"}