{"Signatur": "VD_TC_031", "Spider": "VD_Omni", "Sprache": "fr", "Datum": "2009-10-30", "HTML": {"Datei": "VD_Omni/VD_TC_031_GE-2009-0080_2009-10-30.html", "URL": "http://www.jurisprudence.vd.ch/scripts/nph-omniscgi.exe?OmnisPlatform=WINDOWS&WebServerUrl=&WebServerScript=/scripts/nph-omniscgi.exe&OmnisLibrary=JURISWEB&OmnisClass=rtFindinfoWebHtmlService&OmnisServer=7001&Parametername=WWW_V4&Schema=VD_TA_WEB&Source=search.fiw&Aufruf=getMarkupDocument&cSprache=FRE&nF30_KEY=162251&W10_KEY=10550255&nTrefferzeile=37&Template=search/standard/results/document.fiw", "Checksum": "0507fbbbdcc8aa7a25b283de071eb710"}, "Scrapedate": "2026-04-11", "Num": ["GE.2009.0080"], "Kopfzeile": [{"Sprachen": ["fr", "de", "it"], "Text": "Vaud Tribunal cantonal Cour de droit administratif et public 30.10.2009 GE.2009.0080"}], "Meta": [{"Sprachen": ["de"], "Text": "Waadt  Cour de droit administratif et public"}, {"Sprachen": ["fr"], "Text": "Vaud Tribunal cantonal Cour de droit administratif et public"}, {"Sprachen": ["it"], "Text": "Vaud  Cour de droit administratif et public"}], "Abstract": [{"Sprachen": ["de", "fr", "it"], "Text": "X.________ c/Contr\u00f4le du march\u00e9 du travail et protection des travailleurs | Travail au noir; le fait que le contrat de travail n'ait pas encore \u00e9t\u00e9 sign\u00e9 par l'employ\u00e9 ne permet pas de conclure \u00e0 l'absence de relation contractuelle; le contrat de travail concern\u00e9 n'exige en effet pas le respect d'une forme sp\u00e9ciale et l'employ\u00e9 avait d\u00e9j\u00e0 commenc\u00e9 son activit\u00e9 au moment du contr\u00f4le; le fait que l'employ\u00e9 n'\u00e9tait pas v\u00eatu d'habits de travail n'est pas pertinent."}], "ScrapyJob": "446973/40/2238", "Zeit UTC": "11.04.2026 00:39:24", "Checksum": "5236378c4a179e30bc5a99658c0a6b43"}