{"Signatur": "VD_TC_031", "Spider": "VD_Omni", "Sprache": "fr", "Datum": "2009-09-18", "HTML": {"Datei": "VD_Omni/VD_TC_031_GE-2009-0119_2009-09-18.html", "URL": "http://www.jurisprudence.vd.ch/scripts/nph-omniscgi.exe?OmnisPlatform=WINDOWS&WebServerUrl=&WebServerScript=/scripts/nph-omniscgi.exe&OmnisLibrary=JURISWEB&OmnisClass=rtFindinfoWebHtmlService&OmnisServer=7001&Parametername=WWW_V4&Schema=VD_TA_WEB&Source=search.fiw&Aufruf=getMarkupDocument&cSprache=FRE&nF30_KEY=161975&W10_KEY=10550255&nTrefferzeile=38&Template=search/standard/results/document.fiw", "Checksum": "0129d6e478831fe549af008df4ea57ae"}, "Scrapedate": "2023-01-01", "Num": ["GE.2009.0119"], "Kopfzeile": [{"Sprachen": ["fr", "de", "it"], "Text": "Vaud Tribunal cantonal Cour de droit administratif et public 18.09.2009 GE.2009.0119"}], "Meta": [{"Sprachen": ["de"], "Text": "Waadt  Cour de droit administratif et public"}, {"Sprachen": ["fr"], "Text": "Vaud Tribunal cantonal Cour de droit administratif et public"}, {"Sprachen": ["it"], "Text": "Vaud  Cour de droit administratif et public"}], "Abstract": [{"Sprachen": ["de", "fr", "it"], "Text": "X.________ c/D\u00e9partement de la formation, de la jeunesse et de la culture | Le fait qu'une cr\u00e8che sur le territoire de la Commune de Pully peut prendre en charge de mani\u00e8re extra scolaire un enfant au cours de sa 1\u00e8re ann\u00e9e du cycle initial ne justifie pas une d\u00e9rogation \u00e0 l'enclassement au lieu de domicile \u00e0 Lausanne, ce d'autant plus qu'in casu, une cr\u00e8che au lieu de domicile est susceptible de prendre en charge l'enfant quatre jours sur cinq et que les parents, dont le lieu de domicile se confond avec le lieu de travail, doivent pouvoir s'organiser pour accueillir leur enfant ce jour-l\u00e0. Le fait qu'un fr\u00e8re cadet ne puisse \u00eatre accueilli que tr\u00e8s partiellement dans la cr\u00e8che de domicile ne fonde pas plus un motif de d\u00e9rogation.\rLe principe de c\u00e9l\u00e9rit\u00e9 consacr\u00e9 par l'art. 29 Cst. n'est pas respect\u00e9 d\u00e8s lors que la d\u00e9cision - fond\u00e9e sur un \u00e9tat de fait tr\u00e8s simple - a \u00e9t\u00e9 rendue six mois apr\u00e8s la demande et deux mois seulement avant la nouvelle ann\u00e9e scolaire ce qui rendait difficile qu'un \u00e9ventuel recours puisse \u00eatre jug\u00e9 en temps utile. Ce retard injustifi\u00e9 n'entra\u00eene cependant pas la nullit\u00e9 de la d\u00e9cision attaqu\u00e9e. \r"}], "ScrapyJob": "446973/40/2238", "Zeit UTC": "11.04.2026 00:44:03", "Checksum": "2c951eddf6b46b6ae17e823069e25745"}