{"Signatur": "VD_TC_031", "Spider": "VD_Omni", "Sprache": "fr", "Datum": "2016-02-16", "HTML": {"Datei": "VD_Omni/VD_TC_031_GE-2012-0119_2016-02-16.html", "URL": "http://www.jurisprudence.vd.ch/scripts/nph-omniscgi.exe?OmnisPlatform=WINDOWS&WebServerUrl=&WebServerScript=/scripts/nph-omniscgi.exe&OmnisLibrary=JURISWEB&OmnisClass=rtFindinfoWebHtmlService&OmnisServer=7001&Parametername=WWW_V4&Schema=VD_TA_WEB&Source=search.fiw&Aufruf=getMarkupDocument&cSprache=FRE&nF30_KEY=172808&W10_KEY=10550255&nTrefferzeile=14&Template=search/standard/results/document.fiw", "Checksum": "950de261677645039b5802bbea3d4a9c"}, "Scrapedate": "2023-01-01", "Num": ["GE.2012.0119"], "Kopfzeile": [{"Sprachen": ["fr", "de", "it"], "Text": "Vaud Tribunal cantonal Cour de droit administratif et public 16.02.2016 GE.2012.0119"}], "Meta": [{"Sprachen": ["de"], "Text": "Waadt  Cour de droit administratif et public"}, {"Sprachen": ["fr"], "Text": "Vaud Tribunal cantonal Cour de droit administratif et public"}, {"Sprachen": ["it"], "Text": "Vaud  Cour de droit administratif et public"}], "Abstract": [{"Sprachen": ["de", "fr", "it"], "Text": "A. B.________/D\u00e9partement de la formation, de la jeunesse et de la culture, Service de l'enseignement sp\u00e9c. et de l'appui \u00e0 la formation | Confirmation du refus de d\u00e9livrer une autorisation d'enseigner dans une \u00e9cole priv\u00e9e d'enseignement sp\u00e9cialis\u00e9. Une telle autorisation pr\u00e9suppose une situation d'emploi concr\u00e8te et n'est pas d\u00e9livr\u00e9e de mani\u00e8re abstraite, \u00e0 la seule demande de la personne qui d\u00e9sire en b\u00e9n\u00e9ficier (art. 15 LES + 12 RLES).\rLe recourant, qui n'est pas au b\u00e9n\u00e9fice d'un dipl\u00f4me en enseignement sp\u00e9cialis\u00e9 et qui ne d\u00e9montre pas qu'un \u00e9tablissement d'enseignement sp\u00e9cialis\u00e9 serait pr\u00eat \u00e0 l'engager pendant sa formation, ne peut pr\u00e9tendre \u00e0 une telle autorisation.\rUn tel refus fond\u00e9 en outre sur le comportement inad\u00e9quat du recourant \u00e0 l'occasion d'une journ\u00e9e de formation continue est conforme aux art. 4 + 73 LS et ne viole pas la libert\u00e9 \u00e9conomique.\rRecours au TF d\u00e9clar\u00e9 irrecevable par arr\u00eat du  26 ao\u00fbt 2016 (2C_224/2016)\r"}], "ScrapyJob": "446973/40/2238", "Zeit UTC": "10.04.2026 22:31:43", "Checksum": "ab6a298f351adeee0e96ba05618c43f8"}