{"Signatur": "VD_TC_031", "Spider": "VD_Omni", "Sprache": "fr", "Datum": "2013-03-15", "HTML": {"Datei": "VD_Omni/VD_TC_031_GE-2012-0127_2013-03-15.html", "URL": "http://www.jurisprudence.vd.ch/scripts/nph-omniscgi.exe?OmnisPlatform=WINDOWS&WebServerUrl=&WebServerScript=/scripts/nph-omniscgi.exe&OmnisLibrary=JURISWEB&OmnisClass=rtFindinfoWebHtmlService&OmnisServer=7001&Parametername=WWW_V4&Schema=VD_TA_WEB&Source=search.fiw&Aufruf=getMarkupDocument&cSprache=FRE&nF30_KEY=167881&W10_KEY=10550255&nTrefferzeile=48&Template=search/standard/results/document.fiw", "Checksum": "174db41d8d4743083afdc250ba1ea327"}, "Scrapedate": "2023-01-01", "Num": ["GE.2012.0127"], "Kopfzeile": [{"Sprachen": ["fr", "de", "it"], "Text": "Vaud Tribunal cantonal Cour de droit administratif et public 15.03.2013 GE.2012.0127"}], "Meta": [{"Sprachen": ["de"], "Text": "Waadt  Cour de droit administratif et public"}, {"Sprachen": ["fr"], "Text": "Vaud Tribunal cantonal Cour de droit administratif et public"}, {"Sprachen": ["it"], "Text": "Vaud  Cour de droit administratif et public"}], "Abstract": [{"Sprachen": ["de", "fr", "it"], "Text": "A.X.________ c/Association de la R\u00e9gion d'Action Sociale Jura-Nord vaudois | Recours contre une suspension imm\u00e9diate de l'autorisation d'accueil d'enfants \u00e0 la journ\u00e9e suite \u00e0 l'ouverture d'une enqu\u00eate p\u00e9nale pour actes d'ordre sexuel sur un des enfants gard\u00e9s, peut-\u00eatre perp\u00e9tr\u00e9 par un proche de la maman de jour. Restriction \u00e0 la libert\u00e9 \u00e9conomique de la recourante. Conditions de l'int\u00e9r\u00eat public et de la base l\u00e9gale r\u00e9alis\u00e9es. Sur le plan de la proportionnalit\u00e9, la suspension de l'autorisation dans l'attente des r\u00e9sultat de l'enqu\u00eate p\u00e9nale appara\u00eet comme la seule solution praticable. L'autorit\u00e9 intim\u00e9e ne dispose pas d'\u00e9l\u00e9ments nouveaux qui justifieraient de mettre un terme \u00e0 la suspension prononc\u00e9e en juillet 2012. A l'issue de la proc\u00e9dure p\u00e9nale, l'autorit\u00e9 intim\u00e9e devra reconsid\u00e9rer la situation. Rejet du recours.\rRecours au Tribunal f\u00e9d\u00e9ral d\u00e9clar\u00e9 irrecevable par arr\u00eat du 29 juillet 2013 (ATF 5A_317/2013)."}], "ScrapyJob": "446973/40/2238", "Zeit UTC": "10.04.2026 23:27:17", "Checksum": "49cb4250f261b590d3dd5977779fc721"}