{"Signatur": "VD_TC_031", "Spider": "VD_Omni", "Sprache": "fr", "Datum": "2012-12-17", "HTML": {"Datei": "VD_Omni/VD_TC_031_GE-2012-0136_2012-12-17.html", "URL": "http://www.jurisprudence.vd.ch/scripts/nph-omniscgi.exe?OmnisPlatform=WINDOWS&WebServerUrl=&WebServerScript=/scripts/nph-omniscgi.exe&OmnisLibrary=JURISWEB&OmnisClass=rtFindinfoWebHtmlService&OmnisServer=7001&Parametername=WWW_V4&Schema=VD_TA_WEB&Source=search.fiw&Aufruf=getMarkupDocument&cSprache=FRE&nF30_KEY=167456&W10_KEY=10550255&nTrefferzeile=20&Template=search/standard/results/document.fiw", "Checksum": "98ac1835405c59194c759d6284ec14fb"}, "Scrapedate": "2023-01-01", "Num": ["GE.2012.0136"], "Kopfzeile": [{"Sprachen": ["fr", "de", "it"], "Text": "Vaud Tribunal cantonal Cour de droit administratif et public 17.12.2012 GE.2012.0136"}], "Meta": [{"Sprachen": ["de"], "Text": "Waadt  Cour de droit administratif et public"}, {"Sprachen": ["fr"], "Text": "Vaud Tribunal cantonal Cour de droit administratif et public"}, {"Sprachen": ["it"], "Text": "Vaud  Cour de droit administratif et public"}], "Abstract": [{"Sprachen": ["de", "fr", "it"], "Text": "X.________ c/D\u00e9partement de la formation, de la jeunesse et de la culture, GYMNASE AUGUSTE-PICCARD, Direction g\u00e9n\u00e9rale de l'enseignement postobligatoire | Refus de la Conf\u00e9rence des ma\u00eetres d'accorder \u00e0 un gymnasien une promotion \"par faveur\" et pronon\u00e7ant son \u00e9chec d\u00e9finitif en 2\u00e8me ann\u00e9e de maturit\u00e9. Les certificats m\u00e9dicaux produits par le recourant l'ont \u00e9t\u00e9 \u00e0 la fin de son ann\u00e9e scolaire, \u00e0 une \u00e9poque o\u00f9 il se savait \u00eatre en situation d'\u00e9chec d\u00e9finitif. Or, il r\u00e9sulte de ces pi\u00e8ces que les probl\u00e8mes de sant\u00e9 du recourant ne sont pas apparus \u00e0 la fin de l'ann\u00e9e scolaire, mais remontaient en tous les cas \u00e0 une ann\u00e9e. Il a n\u00e9anmoins particip\u00e9 aux \u00e9preuves durant toute l'ann\u00e9e. Par ailleurs, ces pi\u00e8ces ne sont pas de nature \u00e0 \u00e9tablir le lien de causalit\u00e9 entre les probl\u00e8mes personnels et de sant\u00e9 de l'int\u00e9ress\u00e9 et son \u00e9chec d\u00e9finitif. L'interdiction d'un deuxi\u00e8me redoublement dans les deux premi\u00e8res ann\u00e9es de gymnase ne viole pas le principe de la proportionnalit\u00e9. Recours rejet\u00e9."}], "ScrapyJob": "446973/40/2238", "Zeit UTC": "10.04.2026 23:33:52", "Checksum": "672429cabb440e6f8671efedbde8656d"}