{"Signatur": "VD_TC_031", "Spider": "VD_Omni", "Sprache": "fr", "Datum": "2013-01-08", "HTML": {"Datei": "VD_Omni/VD_TC_031_GE-2012-0147_2013-01-08.html", "URL": "http://www.jurisprudence.vd.ch/scripts/nph-omniscgi.exe?OmnisPlatform=WINDOWS&WebServerUrl=&WebServerScript=/scripts/nph-omniscgi.exe&OmnisLibrary=JURISWEB&OmnisClass=rtFindinfoWebHtmlService&OmnisServer=7001&Parametername=WWW_V4&Schema=VD_TA_WEB&Source=search.fiw&Aufruf=getMarkupDocument&cSprache=FRE&nF30_KEY=167525&W10_KEY=10550255&nTrefferzeile=6&Template=search/standard/results/document.fiw", "Checksum": "9ed6bffe606dc5de2b03830e66c0617f"}, "Scrapedate": "2023-01-01", "Num": ["GE.2012.0147"], "Kopfzeile": [{"Sprachen": ["fr", "de", "it"], "Text": "Vaud Tribunal cantonal Cour de droit administratif et public 08.01.2013 GE.2012.0147"}], "Meta": [{"Sprachen": ["de"], "Text": "Waadt  Cour de droit administratif et public"}, {"Sprachen": ["fr"], "Text": "Vaud Tribunal cantonal Cour de droit administratif et public"}, {"Sprachen": ["it"], "Text": "Vaud  Cour de droit administratif et public"}], "Abstract": [{"Sprachen": ["de", "fr", "it"], "Text": "X.________ c/D\u00e9partement de la formation, de la jeunesse et de la culture | Confirmation de l'irrecevabilit\u00e9 du recours aupr\u00e8s de l'autorit\u00e9 inf\u00e9rieure. Le recourant, qui avait pris connaissance de la d\u00e9cision le 22 juin 2012, disposait d'un d\u00e9lai \u00e9ch\u00e9ant le 2 juillet 2012 pour contester valablement celle-ci. Or, c'est seulement le 4 suivant qu'il a saisi l'autorit\u00e9 intim\u00e9e d'un acte de recours. L'acte \u00e9tait \u00e0 l'\u00e9vidence tardif et le recourant n'ignorait pas la rigueur dont est entach\u00e9e la proc\u00e9dure en la mati\u00e8re et, notamment, la bri\u00e8vet\u00e9 du d\u00e9lai de recours. Par cons\u00e9quent, il n'est pas fond\u00e9 \u00e0 se pr\u00e9valoir de l'absence d'indication de la voie et du d\u00e9lai de recours dans la d\u00e9cision. Au surplus, les conditions de la restitution de d\u00e9lai ne sont pas r\u00e9unies, l'art. 19 al. 2 LPA-VD, dont le contenu est d\u00e9nu\u00e9 d'ambigu\u00eft\u00e9, ne saurait \u00eatre interpr\u00e9t\u00e9 en ce sens que seuls les jours ouvrables doivent \u00eatre comptabilis\u00e9s dans le calcul du d\u00e9lai de recours."}], "ScrapyJob": "446973/40/2238", "Zeit UTC": "10.04.2026 23:35:04", "Checksum": "f271f5e5cda86fafa4dad72ec4da3975"}