{"Signatur": "VD_TC_031", "Spider": "VD_Omni", "Sprache": "fr", "Datum": "2014-03-24", "HTML": {"Datei": "VD_Omni/VD_TC_031_GE-2013-0205_2014-03-24.html", "URL": "http://www.jurisprudence.vd.ch/scripts/nph-omniscgi.exe?OmnisPlatform=WINDOWS&WebServerUrl=&WebServerScript=/scripts/nph-omniscgi.exe&OmnisLibrary=JURISWEB&OmnisClass=rtFindinfoWebHtmlService&OmnisServer=7001&Parametername=WWW_V4&Schema=VD_TA_WEB&Source=search.fiw&Aufruf=getMarkupDocument&cSprache=FRE&nF30_KEY=169749&W10_KEY=10550255&nTrefferzeile=35&Template=search/standard/results/document.fiw", "Checksum": "ab90014c57c25bbcc768cee34af426a9"}, "Scrapedate": "2023-01-01", "Num": ["GE.2013.0205"], "Kopfzeile": [{"Sprachen": ["fr", "de", "it"], "Text": "Vaud Tribunal cantonal Cour de droit administratif et public 24.03.2014 GE.2013.0205"}], "Meta": [{"Sprachen": ["de"], "Text": "Waadt  Cour de droit administratif et public"}, {"Sprachen": ["fr"], "Text": "Vaud Tribunal cantonal Cour de droit administratif et public"}, {"Sprachen": ["it"], "Text": "Vaud  Cour de droit administratif et public"}], "Abstract": [{"Sprachen": ["de", "fr", "it"], "Text": "AX.________, BX.________ c/D\u00e9partement de la formation, de la jeunesse et de la culture, Direction g\u00e9n\u00e9rale de l'enseignement obligatoire (DGEO), Etablissement primaire & secondaire de Rolle, Etablissement primaire de Gimel-Etoy | Demande de d\u00e9rogation \u00e0 la zone de recrutement des \u00e9l\u00e8ves, tendant \u00e0 ce qu'un enfant puisse d\u00e9buter sa scolarit\u00e9 dans le lieu o\u00f9 se trouve la garderie qu'il a fr\u00e9quent\u00e9e jusqu'ici, cet \u00e9tablissement comportant \u00e9galement une unit\u00e9 d'accueil parascolaire o\u00f9 il pourrait \u00eatre pris en charge \u00e0 l'avenir. Le fait que cet enfant, arriv\u00e9 en Suisse \u00e0 l'\u00e2ge de deux ans suite \u00e0 une adoption, pr\u00e9sente, selon diff\u00e9rentes personnes qui s'en sont occup\u00e9, un besoin de stabilit\u00e9 particulier, ne suffit pas \u00e0 justifier une telle d\u00e9rogation; son d\u00e9veloppement est d\u00e9crit comme excellent et il ne pr\u00e9sente aucun probl\u00e8me de sant\u00e9 physique ou psychique. Les motifs d'ordre organisationnel invoqu\u00e9s \u00e9galement par les parents, notamment le fait que l'unit\u00e9 d'accueil parascolaire soit situ\u00e9e sur le trajet qu'emprunte la m\u00e8re pour se rendre \u00e0 son travail, ne sauraient davantage \u00eatre pris en consid\u00e9ration."}], "ScrapyJob": "446973/40/2238", "Zeit UTC": "10.04.2026 23:06:01", "Checksum": "4bed43c89564d6bac12a37c05ca760dd"}