{"Signatur": "VD_TC_031", "Spider": "VD_Omni", "Sprache": "fr", "Datum": "2015-12-23", "HTML": {"Datei": "VD_Omni/VD_TC_031_GE-2015-0164_2015-12-23.html", "URL": "http://www.jurisprudence.vd.ch/scripts/nph-omniscgi.exe?OmnisPlatform=WINDOWS&WebServerUrl=&WebServerScript=/scripts/nph-omniscgi.exe&OmnisLibrary=JURISWEB&OmnisClass=rtFindinfoWebHtmlService&OmnisServer=7001&Parametername=WWW_V4&Schema=VD_TA_WEB&Source=search.fiw&Aufruf=getMarkupDocument&cSprache=FRE&nF30_KEY=172573&W10_KEY=10550255&nTrefferzeile=41&Template=search/standard/results/document.fiw", "Checksum": "a963cd5ce99c3acaa73943917e7db7fe"}, "Scrapedate": "2023-01-01", "Num": ["GE.2015.0164"], "Kopfzeile": [{"Sprachen": ["fr", "de", "it"], "Text": "Vaud Tribunal cantonal Cour de droit administratif et public 23.12.2015 GE.2015.0164"}], "Meta": [{"Sprachen": ["de"], "Text": "Waadt  Cour de droit administratif et public"}, {"Sprachen": ["fr"], "Text": "Vaud Tribunal cantonal Cour de droit administratif et public"}, {"Sprachen": ["it"], "Text": "Vaud  Cour de droit administratif et public"}], "Abstract": [{"Sprachen": ["de", "fr", "it"], "Text": "X.________/Service des affaires culturelles | Confirmation de la d\u00e9cision du SERAC refusant la reconnaissance de titres et validation d'acquis. Le recourant, qui a obtenu un dipl\u00f4me de guitariste et de musicien de rock professionnel aupr\u00e8s de l'ETM \u00e0 Gen\u00e8ve, n'est titulaire ni d'un bachelor et d'un master en p\u00e9dagogie musicale d\u00e9livr\u00e9 par une Haute \u00e9cole de musique (HEM - art. 1 RLEM), ni d'une formation jug\u00e9e \u00e9quivalente, soit un titre de niveau bachelor d'une HEM ou d'un dipl\u00f4me instrumental d'un Conservatoire de musique suisse (art. 2 RLEM). Concernant la notion de \"titre comparable\" au sens de l'art. 2 al. 2 let. a RLEM, elle concerne avant tout les certificats d\u00e9livr\u00e9s pour des instruments particuliers (tambour, accord\u00e9on) dont l'enseignement n'est pas assur\u00e9 selon le mod\u00e8le HEM. En outre, le recourant qui n'enseignait pas dans une \u00e9cole reconnue dans le canton de Vaud avant l'entr\u00e9e en vigueur de la loi (LEM) ne peut pas \u00eatre mis au b\u00e9n\u00e9fice des dispositions transitoires (art. 2 al. 2bis RLEM) (consid. 5). Enfin, il ne peut pas se pr\u00e9valoir d'une violation de la loi sur le march\u00e9 int\u00e9rieur quand bien m\u00eame il donne des cours \u00e0 l'ETM \u00e0 Gen\u00e8ve (consid. 6) ni d'une violation du principe de l'\u00e9galit\u00e9 de traitement (consid. 7). Recours rejet\u00e9."}], "ScrapyJob": "446973/40/2238", "Zeit UTC": "10.04.2026 22:34:21", "Checksum": "e2f80d883e908e2d04cf146222049cd7"}