{"Signatur": "VD_TC_031", "Spider": "VD_Omni", "Sprache": "fr", "Datum": "2016-11-17", "HTML": {"Datei": "VD_Omni/VD_TC_031_GE-2016-0157_2016-11-17.html", "URL": "http://www.jurisprudence.vd.ch/scripts/nph-omniscgi.exe?OmnisPlatform=WINDOWS&WebServerUrl=&WebServerScript=/scripts/nph-omniscgi.exe&OmnisLibrary=JURISWEB&OmnisClass=rtFindinfoWebHtmlService&OmnisServer=7001&Parametername=WWW_V4&Schema=VD_TA_WEB&Source=search.fiw&Aufruf=getMarkupDocument&cSprache=FRE&nF30_KEY=173922&W10_KEY=10550255&nTrefferzeile=45&Template=search/standard/results/document.fiw", "Checksum": "6375e15389b92730855ff15f169ff240"}, "Scrapedate": "2023-01-01", "Num": ["GE.2016.0157"], "Kopfzeile": [{"Sprachen": ["fr", "de", "it"], "Text": "Vaud Tribunal cantonal Cour de droit administratif et public 17.11.2016 GE.2016.0157"}], "Meta": [{"Sprachen": ["de"], "Text": "Waadt  Cour de droit administratif et public"}, {"Sprachen": ["fr"], "Text": "Vaud Tribunal cantonal Cour de droit administratif et public"}, {"Sprachen": ["it"], "Text": "Vaud  Cour de droit administratif et public"}], "Abstract": [{"Sprachen": ["de", "fr", "it"], "Text": "A.________/D\u00e9partement de la formation, de la jeunesse et de la culture, FONDATION B.________, ETABLISSEMENT PRIMAIRE ET SECONDAIRE DE C.________ | D\u00e9cision ordonnant l'enclassement dans l'enseignement sp\u00e9cialis\u00e9 d'une \u00e9l\u00e8ve de 3P en raison des troubles du comportement de celle-ci. Recours de la m\u00e8re, seule titulaire de l'autorit\u00e9 parentale, oppos\u00e9e \u00e0 cette mesure. Question laiss\u00e9e ind\u00e9cise de savoir s'il y a un d\u00e9saccord entre les parties int\u00e9ress\u00e9es permettant au d\u00e9partement de statuer compte tenu du fait que la direction de l'\u00e9cole d'enseignement sp\u00e9cialis\u00e9 a indiqu\u00e9 ne pas vouloir imposer un transfert. Absence d'examen m\u00e9dico-p\u00e9dagogique suffisant, la m\u00e8re n'ayant pas \u00e9t\u00e9 invit\u00e9e \u00e0 participer \u00e0 la proc\u00e9dure d'\u00e9valuation et les seuls certificats m\u00e9dicaux figurant au dossier \u00e9tant ceux du m\u00e9decin traitant, qui s'est exprim\u00e9e en faveur de la poursuite de la scolarit\u00e9 dans l'enseignement obligatoire. Interpr\u00e9tation rigoureuse des conditions pos\u00e9es \u00e0 un transfert dans l'enseignement sp\u00e9cialis\u00e9 compte tenu de l'\u00e9volution du contexte l\u00e9gislatif, notamment de la nouvelle loi sur la p\u00e9dagogie sp\u00e9cialis\u00e9e adopt\u00e9e mais non encore en vigueur, posant le principe de la scolarisation int\u00e9gr\u00e9e. Recours admis et cause renvoy\u00e9e \u00e0 l'autorit\u00e9 intim\u00e9e pour instruction compl\u00e9mentaire.\rRecours au TF sur la question des d\u00e9pens jug\u00e9 manifestement irrecevable (2D_1/2017 du 9 janvier 2017)."}], "ScrapyJob": "446973/40/2238", "Zeit UTC": "10.04.2026 22:18:02", "Checksum": "7d2a99803287f68370953f26620ea757"}