{"Signatur": "VD_TC_031", "Spider": "VD_Omni", "Sprache": "fr", "Datum": "2018-04-05", "HTML": {"Datei": "VD_Omni/VD_TC_031_GE-2017-0111_2018-04-05.html", "URL": "http://www.jurisprudence.vd.ch/scripts/nph-omniscgi.exe?OmnisPlatform=WINDOWS&WebServerUrl=&WebServerScript=/scripts/nph-omniscgi.exe&OmnisLibrary=JURISWEB&OmnisClass=rtFindinfoWebHtmlService&OmnisServer=7001&Parametername=WWW_V4&Schema=VD_TA_WEB&Source=search.fiw&Aufruf=getMarkupDocument&cSprache=FRE&nF30_KEY=175845&W10_KEY=10550255&nTrefferzeile=20&Template=search/standard/results/document.fiw", "Checksum": "907b9d3d02f3a3278d689e2f0ea2d4cc"}, "Scrapedate": "2023-01-01", "Num": ["GE.2017.0111"], "Kopfzeile": [{"Sprachen": ["fr", "de", "it"], "Text": "Vaud Tribunal cantonal Cour de droit administratif et public 05.04.2018 GE.2017.0111"}], "Meta": [{"Sprachen": ["de"], "Text": "Waadt  Cour de droit administratif et public"}, {"Sprachen": ["fr"], "Text": "Vaud Tribunal cantonal Cour de droit administratif et public"}, {"Sprachen": ["it"], "Text": "Vaud  Cour de droit administratif et public"}], "Abstract": [{"Sprachen": ["de", "fr", "it"], "Text": "A.________ /D\u00e9partement de la formation, de la jeunesse et de la culture, Ecole sup\u00e9rieure en \u00e9ducation de l'enfance ESEDE | Recours \u00e0 l'encontre d'une d\u00e9cision du DFJC, confirmant la d\u00e9cision de l'\u00e9cole sup\u00e9rieure en \u00e9ducation de l'enfance (ESEDE) d'imposer \u00e0 la recourante l'accomplissement d'une nouvelle p\u00e9riode de pratique accompagn\u00e9e, en raison d'une absence prolong\u00e9e de la recourante au cours de sa premi\u00e8re ann\u00e9e pratique. La recourante, m\u00eame si elle a interrompu sa formation, conserve un int\u00e9r\u00eat actuel au recours, dans la mesure o\u00f9 elle pourrait int\u00e9grer une autre \u00e9cole sup\u00e9rieure en deuxi\u00e8me ann\u00e9e dans l'hypoth\u00e8se o\u00f9 son recours \u00e9tait admis (consid. 2). Selon le Plan d'\u00e9tudes cadre en \u00e9ducation de l'enfance, la formation d'\u00e9ducateur de l'enfance dipl\u00f4m\u00e9 ES doit comprendre une pratique accompagn\u00e9e de 1'800 heures, r\u00e9parties sur trois ans, soit 600 heures par ann\u00e9e. En d\u00e9pit de son absence prolong\u00e9e, la recourante a effectu\u00e9 un peu plus de 600 heures de pratique durant sa premi\u00e8re ann\u00e9e de formation. L'autorit\u00e9 intim\u00e9e ne pouvait d\u00e8s lors refuser de valider la premi\u00e8re ann\u00e9e de pratique professionnelle de la recourante, sans \u00e9tablir l'insuffisance qualitative des comp\u00e9tence professionnelles attendues \u00e0 l'issue de la premi\u00e8re ann\u00e9e de formation. Recours admis et renvoi du dossier \u00e0 l'ESEDE, afin qu'elle examine si la pratique professionnelle de la recourante peut \u00eatre valid\u00e9e compte tenu des remarques de l'employeur."}], "ScrapyJob": "446973/40/2238", "Zeit UTC": "10.04.2026 21:59:06", "Checksum": "5629a196c1a00f7b084c04cc59d63ab1"}