{"Signatur": "VD_TC_031", "Spider": "VD_Omni", "Sprache": "fr", "Datum": "2018-04-04", "HTML": {"Datei": "VD_Omni/VD_TC_031_GE-2017-0220_2018-04-04.html", "URL": "http://www.jurisprudence.vd.ch/scripts/nph-omniscgi.exe?OmnisPlatform=WINDOWS&WebServerUrl=&WebServerScript=/scripts/nph-omniscgi.exe&OmnisLibrary=JURISWEB&OmnisClass=rtFindinfoWebHtmlService&OmnisServer=7001&Parametername=WWW_V4&Schema=VD_TA_WEB&Source=search.fiw&Aufruf=getMarkupDocument&cSprache=FRE&nF30_KEY=175829&W10_KEY=10550255&nTrefferzeile=32&Template=search/standard/results/document.fiw", "Checksum": "4a8050f50f90093bd26eee76e4b18b85"}, "Scrapedate": "2023-01-01", "Num": ["GE.2017.0220"], "Kopfzeile": [{"Sprachen": ["fr", "de", "it"], "Text": "Vaud Tribunal cantonal Cour de droit administratif et public 04.04.2018 GE.2017.0220"}], "Meta": [{"Sprachen": ["de"], "Text": "Waadt  Cour de droit administratif et public"}, {"Sprachen": ["fr"], "Text": "Vaud Tribunal cantonal Cour de droit administratif et public"}, {"Sprachen": ["it"], "Text": "Vaud  Cour de droit administratif et public"}], "Abstract": [{"Sprachen": ["de", "fr", "it"], "Text": "A.________, B.________/Direction de la s\u00e9curit\u00e9 et de l'\u00e9conomie | Recours contre un refus d'autoriser des manifestations sur le domaine public les soirs d'ouvertures nocturnes des commerces avant No\u00ebl. \rLes dates des manifestations litigieuses \u00e9tant d\u00e9pass\u00e9es au moment o\u00f9 l'arr\u00eat est rendu, le recours a perdu son int\u00e9r\u00eat actuel. Rappel de la jurisprudence relative \u00e0 la possibilit\u00e9 de renoncer \u00e0 l'exigence de l'int\u00e9r\u00eat actuel (consid. 1).\rPas de violation des libert\u00e9s d'expression, de r\u00e9union et d'art, d\u00e8s lors que l'autorit\u00e9 intim\u00e9e, qui dispose d'un large pouvoir d'appr\u00e9ciation en mati\u00e8re de gestion du domaine public, a propos\u00e9 d'autres dates - \u00e9quivalentes en terme d'affluence du public dans les rues - pour tenir les manifestations en cause (consid. 3). \rPour les m\u00eames motifs, pas de violation du principe de l'\u00e9galit\u00e9 de traitement et de l'interdiction de discrimination (consid. 4). \rRecours au TF d\u00e9clar\u00e9 irrecevable, au motif qu'il a \u00e9t\u00e9 d\u00e9pos\u00e9 hors d\u00e9lai (1C_234/2018).\r\r"}], "ScrapyJob": "446973/40/2238", "Zeit UTC": "10.04.2026 21:58:44", "Checksum": "e7107906f333f2c66994d249654b582e"}