{"Signatur": "VD_TC_031", "Spider": "VD_Omni", "Sprache": "fr", "Datum": "2019-02-22", "HTML": {"Datei": "VD_Omni/VD_TC_031_GE-2018-0087_2019-02-22.html", "URL": "http://www.jurisprudence.vd.ch/scripts/nph-omniscgi.exe?OmnisPlatform=WINDOWS&WebServerUrl=&WebServerScript=/scripts/nph-omniscgi.exe&OmnisLibrary=JURISWEB&OmnisClass=rtFindinfoWebHtmlService&OmnisServer=7001&Parametername=WWW_V4&Schema=VD_TA_WEB&Source=search.fiw&Aufruf=getMarkupDocument&cSprache=FRE&nF30_KEY=177307&W10_KEY=10550255&nTrefferzeile=34&Template=search/standard/results/document.fiw", "Checksum": "758c1253c16f5249c0b83c109c475b2b"}, "Scrapedate": "2023-01-01", "Num": ["GE.2018.0087"], "Kopfzeile": [{"Sprachen": ["fr", "de", "it"], "Text": "Vaud Tribunal cantonal Cour de droit administratif et public 22.02.2019 GE.2018.0087"}], "Meta": [{"Sprachen": ["de"], "Text": "Waadt  Cour de droit administratif et public"}, {"Sprachen": ["fr"], "Text": "Vaud Tribunal cantonal Cour de droit administratif et public"}, {"Sprachen": ["it"], "Text": "Vaud  Cour de droit administratif et public"}], "Abstract": [{"Sprachen": ["de", "fr", "it"], "Text": "A.________ /CHAMBRE DES AVOCATS | Confirmation d'un avertissement prononc\u00e9 \u00e0 l'encontre d'un avocat par l'autorit\u00e9 de surveillance pour violation de son devoir de diligence. Dans une correspondance, ce dernier a mis personnellement en cause et de mani\u00e8re infond\u00e9e son confr\u00e8re, laissant ainsi entendre, en des termes particuli\u00e8rement vifs par surcro\u00eet, qu\u2019il poursuivait des int\u00e9r\u00eats purement personnels et ceci, au d\u00e9triment de ceux dont il \u00e9tait charg\u00e9 de la d\u00e9fense. La libert\u00e9 d\u2019expression et d\u2019opinion reconnue \u00e0 tout avocat dans la d\u00e9fense des int\u00e9r\u00eats de ses mandants, et dont l'int\u00e9ress\u00e9 se pr\u00e9vaut, n\u2019autorisait certainement pas ce dernier \u00e0 franchir la limite de ce qui peut encore \u00eatre consid\u00e9r\u00e9 comme admissible, ni m\u00eame \u00e0 s\u2019\u00e9riger lui-m\u00eame en justicier des r\u00e8gles professionnelles, qu'il n'a pas h\u00e9sit\u00e9 \u00e0 violer. La sanction appara\u00eet comme \u00e9tant proportionn\u00e9e aux circonstances du cas d\u2019esp\u00e8ce.\rRecours au TF rejet\u00e9 (2C_307/2019 du 8 janvier 2020)."}], "ScrapyJob": "446973/40/2238", "Zeit UTC": "10.04.2026 21:44:20", "Checksum": "ce919a8e73037c2fd417a9ec66ebffce"}