{"Signatur": "VD_TC_031", "Spider": "VD_Omni", "Sprache": "fr", "Datum": "2019-01-04", "HTML": {"Datei": "VD_Omni/VD_TC_031_GE-2018-0202_2019-01-04.html", "URL": "http://www.jurisprudence.vd.ch/scripts/nph-omniscgi.exe?OmnisPlatform=WINDOWS&WebServerUrl=&WebServerScript=/scripts/nph-omniscgi.exe&OmnisLibrary=JURISWEB&OmnisClass=rtFindinfoWebHtmlService&OmnisServer=7001&Parametername=WWW_V4&Schema=VD_TA_WEB&Source=search.fiw&Aufruf=getMarkupDocument&cSprache=FRE&nF30_KEY=177049&W10_KEY=10550255&nTrefferzeile=13&Template=search/standard/results/document.fiw", "Checksum": "484948e6f4293e8c0a120a5d711af622"}, "Scrapedate": "2023-01-01", "Num": ["GE.2018.0202"], "Kopfzeile": [{"Sprachen": ["fr", "de", "it"], "Text": "Vaud Tribunal cantonal Cour de droit administratif et public 04.01.2019 GE.2018.0202"}], "Meta": [{"Sprachen": ["de"], "Text": "Waadt  Cour de droit administratif et public"}, {"Sprachen": ["fr"], "Text": "Vaud Tribunal cantonal Cour de droit administratif et public"}, {"Sprachen": ["it"], "Text": "Vaud  Cour de droit administratif et public"}], "Abstract": [{"Sprachen": ["de", "fr", "it"], "Text": "A.________, B.________/D\u00e9partement de la formation, de la jeunesse et de la culture, Etablissement primaire & secondaire de ******** | Recours contre une orientation en fin de 8e ann\u00e9e en voie g\u00e9n\u00e9rale (VG) au niveau 1 en fran\u00e7ais, au niveau 2 en math\u00e9matiques et au niveau 2 en allemand. Pour ce qui concerne le passage en voie pr\u00e9gymnasiale ou en VG et la r\u00e9partition dans les niveaux en VG, les autorit\u00e9s d\u2019application ne disposent d\u2019aucune marge de man\u0153uvre quant au choix des notes d\u00e9terminantes ou quant \u00e0 la m\u00e9thode de calcul des moyennes applicables. Le passage de l\u2019\u00e9cole priv\u00e9e \u00e0 l\u2019\u00e9cole publique et la transition d\u2019une scolarisation bilingue fran\u00e7ais/allemand durant les premi\u00e8res ann\u00e9es d\u2019\u00e9cole \u00e0 une scolarisation en fran\u00e7ais uniquement ne constituent par ailleurs pas des circonstances particuli\u00e8res qui justifieraient de d\u00e9roger \u00e0 la moyenne arithm\u00e9tique des r\u00e9sultats. Les recourants ne peuvent pas non plus invoquer en fin d'ann\u00e9e des difficult\u00e9s (haut potentiel accompagn\u00e9 d\u2019un d\u00e9ficit d\u2019attention) connues depuis le d\u00e9but de l'ann\u00e9e, avec le seul objectif de permettre \u00e0 leur fille de b\u00e9n\u00e9ficier d\u2019un traitement diff\u00e9renci\u00e9. Rejet du recours."}], "ScrapyJob": "446973/40/2238", "Zeit UTC": "10.04.2026 21:53:54", "Checksum": "b14fddaa2fd5d983e89d3b72e4360b31"}