{"Signatur": "VD_TC_031", "Spider": "VD_Omni", "Sprache": "fr", "Datum": "2019-08-05", "HTML": {"Datei": "VD_Omni/VD_TC_031_GE-2018-0212_2019-08-05.html", "URL": "http://www.jurisprudence.vd.ch/scripts/nph-omniscgi.exe?OmnisPlatform=WINDOWS&WebServerUrl=&WebServerScript=/scripts/nph-omniscgi.exe&OmnisLibrary=JURISWEB&OmnisClass=rtFindinfoWebHtmlService&OmnisServer=7001&Parametername=WWW_V4&Schema=VD_TA_WEB&Source=search.fiw&Aufruf=getMarkupDocument&cSprache=FRE&nF30_KEY=177953&W10_KEY=10550255&nTrefferzeile=8&Template=search/standard/results/document.fiw", "Checksum": "8e1c664dc4484ad125d6843af2cd8ed1"}, "Scrapedate": "2023-01-01", "Num": ["GE.2018.0212"], "Kopfzeile": [{"Sprachen": ["fr", "de", "it"], "Text": "Vaud Tribunal cantonal Cour de droit administratif et public 05.08.2019 GE.2018.0212"}], "Meta": [{"Sprachen": ["de"], "Text": "Waadt  Cour de droit administratif et public"}, {"Sprachen": ["fr"], "Text": "Vaud Tribunal cantonal Cour de droit administratif et public"}, {"Sprachen": ["it"], "Text": "Vaud  Cour de droit administratif et public"}], "Abstract": [{"Sprachen": ["de", "fr", "it"], "Text": "A.________/POLICE CANTONALE | Confirmation d'une d\u00e9cision d'interdiction de p\u00e9rim\u00e8tres de stades et de patinoires durant deux ans \u00e0 l'encontre d'un supporter ultra ayant d\u00e9j\u00e0 fait l'objet de mesures similaires par le pass\u00e9. Les enqu\u00eateurs de la police ont d\u00e9montr\u00e9 que l'int\u00e9ress\u00e9 se trouvait sur les lieux lors de la rencontre de football entre Lausanne-Sport et Thoune le 13 mai 2018, interrompue par l'arbitre, et a rejoint avant le d\u00e9but du match le groupe d'ultras, se dissimulant le visage \u00e0 plusieurs reprises. Il n\u2019est pas n\u00e9cessaire, pour imposer des mesures polici\u00e8res pr\u00e9ventives, de d\u00e9terminer le r\u00f4le exact de l'int\u00e9ress\u00e9; sur la base des faits retenus dans le rapport de police, il faut admettre que le recourant, au m\u00eame titre que les autres membres du groupe d\u2019ultras, \u00e9tait activement impliqu\u00e9 dans les actes de violence constat\u00e9s ce jour-l\u00e0. Au vu de l'absence d'effet des mesures pr\u00e9c\u00e9dentes prononc\u00e9es \u00e0 l'encontre de l'int\u00e9ress\u00e9, la Police cantonale ne pouvait pas se contenter d\u2019une mesure moins incisive et sa d\u00e9cision est conforme au principe de proportionnalit\u00e9."}], "ScrapyJob": "446973/40/2238", "Zeit UTC": "10.04.2026 21:55:47", "Checksum": "9bdb1b0de6ea14ea11870b9a419140fa"}