{"Signatur": "VD_TC_031", "Spider": "VD_Omni", "Sprache": "fr", "Datum": "2019-06-24", "HTML": {"Datei": "VD_Omni/VD_TC_031_GE-2019-0096_2019-06-24.html", "URL": "http://www.jurisprudence.vd.ch/scripts/nph-omniscgi.exe?OmnisPlatform=WINDOWS&WebServerUrl=&WebServerScript=/scripts/nph-omniscgi.exe&OmnisLibrary=JURISWEB&OmnisClass=rtFindinfoWebHtmlService&OmnisServer=7001&Parametername=WWW_V4&Schema=VD_TA_WEB&Source=search.fiw&Aufruf=getMarkupDocument&cSprache=FRE&nF30_KEY=177997&W10_KEY=10550255&nTrefferzeile=22&Template=search/standard/results/document.fiw", "Checksum": "128b1d026e7ab1b5037219654776676a"}, "Scrapedate": "2023-01-01", "Num": ["GE.2019.0096"], "Kopfzeile": [{"Sprachen": ["fr", "de", "it"], "Text": "Vaud Tribunal cantonal Cour de droit administratif et public 24.06.2019 GE.2019.0096"}], "Meta": [{"Sprachen": ["de"], "Text": "Waadt  Cour de droit administratif et public"}, {"Sprachen": ["fr"], "Text": "Vaud Tribunal cantonal Cour de droit administratif et public"}, {"Sprachen": ["it"], "Text": "Vaud  Cour de droit administratif et public"}], "Abstract": [{"Sprachen": ["de", "fr", "it"], "Text": "A.________, B.________/D\u00e9partement de la formation, de la jeunesse et de la culture | Recours contre un refus de d\u00e9rogation devant permettre \u00e0 la fille des recourants, \u00e2g\u00e9e de 12 ans et s'appr\u00eatant \u00e0 entrer en cycle secondaire, de poursuivre sa scolarit\u00e9 dans un \u00e9tablissement situ\u00e9 \u00e0 proximit\u00e9 de ses grands-parents qui la gardent. Refus motiv\u00e9 par le fait qu'en principe un motif de garde ne peut plus justifier une d\u00e9rogation au principe de territorialit\u00e9 pr\u00e9valant en mati\u00e8re d'enclassement, d\u00e8s lors que l'enfant entre dans le cycle secondaire. \rLa fille des recourants a effectivement atteint un \u00e2ge auquel il est envisageable, voire souhaitable, qu'elle acqui\u00e8re une certaine autonomie. Le certificat m\u00e9dical produit par les recourants, selon lequel leur fille pourrait manifester des angoisses en cas de changement d'\u00e9cole, ne fait pas \u00e9tat de troubles psychiques actuels. Sa situation est stable et elle n'est pas diff\u00e9rente de celle de tout enfant qui appr\u00e9hende un changement d'\u00e9tablissement scolaire. \rTout bien pes\u00e9, la situation n'appara\u00eet pas exceptionnelle. L'autorit\u00e9 intim\u00e9e pouvait ainsi, sans abuser de son large pouvoir estimer qu'une d\u00e9rogation ne se justifiait pas en l'esp\u00e8ce. \rConfirmation de la d\u00e9cision attaqu\u00e9e."}], "ScrapyJob": "446973/40/2238", "Zeit UTC": "10.04.2026 21:40:20", "Checksum": "fc8c7534f339a5c34faf9f402c9900df"}