{"Signatur": "VD_TC_031", "Spider": "VD_Omni", "Sprache": "fr", "Datum": "2020-03-03", "HTML": {"Datei": "VD_Omni/VD_TC_031_GE-2019-0151_2020-03-03.html", "URL": "http://www.jurisprudence.vd.ch/scripts/nph-omniscgi.exe?OmnisPlatform=WINDOWS&WebServerUrl=&WebServerScript=/scripts/nph-omniscgi.exe&OmnisLibrary=JURISWEB&OmnisClass=rtFindinfoWebHtmlService&OmnisServer=7001&Parametername=WWW_V4&Schema=VD_TA_WEB&Source=search.fiw&Aufruf=getMarkupDocument&cSprache=FRE&nF30_KEY=178809&W10_KEY=10550255&nTrefferzeile=49&Template=search/standard/results/document.fiw", "Checksum": "70ab140e185e6de4a23ee8364a66b244"}, "Scrapedate": "2023-01-01", "Num": ["GE.2019.0151"], "Kopfzeile": [{"Sprachen": ["fr", "de", "it"], "Text": "Vaud Tribunal cantonal Cour de droit administratif et public 03.03.2020 GE.2019.0151"}], "Meta": [{"Sprachen": ["de"], "Text": "Waadt  Cour de droit administratif et public"}, {"Sprachen": ["fr"], "Text": "Vaud Tribunal cantonal Cour de droit administratif et public"}, {"Sprachen": ["it"], "Text": "Vaud  Cour de droit administratif et public"}], "Abstract": [{"Sprachen": ["de", "fr", "it"], "Text": "A.________ /Municipalit\u00e9 de Vufflens-la-Ville, Service de la population Secteur des naturalisations | Confirmation de la d\u00e9cision de la Municipalit\u00e9 de Vufflens-la-Ville de refuser l'octroi de la bourgeoisie communale \u00e0 un ressortissant fran\u00e7ais, en raison de son arri\u00e9r\u00e9 d'imp\u00f4t. Les dettes d'imp\u00f4t du recourant concernent des imp\u00f4ts d\u00e9finitifs \u00e0 concurrence de 20'000 fr. environ. Sept mois plus tard, le recourant n'avait toujours pas sold\u00e9 lesdits imp\u00f4ts d\u00e9finitifs et \u00e9tait redevable d'un montant d'imp\u00f4t de 16'165,35 fr., d\u00fb en vertu d'une nouvelle d\u00e9cision de taxation d\u00e9finitive. La p\u00e9riode de ch\u00f4mage v\u00e9cue par le recourant ne permet pas de justifier le retard de paiement; dans la mesure o\u00f9 cette circonstance a eu un impact sur la capacit\u00e9 contributive du recourant, elle a d\u00e9j\u00e0 \u00e9t\u00e9 prise en compte par l'autorit\u00e9 de taxation. Il faut ainsi en d\u00e9duire que le recourant a privil\u00e9gi\u00e9 certains cr\u00e9anciers priv\u00e9s au d\u00e9triment de ses cr\u00e9anciers \u00e9tatiques, t\u00e9moignant ainsi d'une absence d'adh\u00e9sion aux institutions \u00e9tatiques suisses. L'autorit\u00e9 intim\u00e9e pouvait ainsi, sans abuser de son large pouvoir d'appr\u00e9ciation, consid\u00e9rer que le recourant n'\u00e9tait pas suffisamment int\u00e9gr\u00e9. Recours rejet\u00e9."}], "ScrapyJob": "446973/40/2238", "Zeit UTC": "10.04.2026 21:29:40", "Checksum": "0b1dea513e796c9807cd635fa146af7f"}