{"Signatur": "VD_TC_031", "Spider": "VD_Omni", "Sprache": "fr", "Datum": "2020-08-26", "HTML": {"Datei": "VD_Omni/VD_TC_031_GE-2019-0256_2020-08-26.html", "URL": "http://www.jurisprudence.vd.ch/scripts/nph-omniscgi.exe?OmnisPlatform=WINDOWS&WebServerUrl=&WebServerScript=/scripts/nph-omniscgi.exe&OmnisLibrary=JURISWEB&OmnisClass=rtFindinfoWebHtmlService&OmnisServer=7001&Parametername=WWW_V4&Schema=VD_TA_WEB&Source=search.fiw&Aufruf=getMarkupDocument&cSprache=FRE&nF30_KEY=179415&W10_KEY=10550255&nTrefferzeile=23&Template=search/standard/results/document.fiw", "Checksum": "4781d25c329a6d328111776a87a74b7b"}, "Scrapedate": "2023-01-01", "Num": ["GE.2019.0256"], "Kopfzeile": [{"Sprachen": ["fr", "de", "it"], "Text": "Vaud Tribunal cantonal Cour de droit administratif et public 26.08.2020 GE.2019.0256"}], "Meta": [{"Sprachen": ["de"], "Text": "Waadt  Cour de droit administratif et public"}, {"Sprachen": ["fr"], "Text": "Vaud Tribunal cantonal Cour de droit administratif et public"}, {"Sprachen": ["it"], "Text": "Vaud  Cour de droit administratif et public"}], "Abstract": [{"Sprachen": ["de", "fr", "it"], "Text": "A.________/Cour administrative du Tribunal cantonal | Recours contre la d\u00e9cision de la Cour administrative interdisant au recourant de pratiquer la repr\u00e9sentation professionnelle dans les proc\u00e9dures d'ex\u00e9cution forc\u00e9e (art. 27 LP). En vertu du droit cantonal (LVLP), le \"Tribunal cantonal\" est comp\u00e9tent pour prononcer l'interdiction. Au sein du tribunal, cette comp\u00e9tence a \u00e9t\u00e9 confi\u00e9e \u00e0 la Cour administrative. La LVLP ne pr\u00e9voit pas de voie de recours contre une telle d\u00e9cision. Quant \u00e0 la clause g\u00e9n\u00e9rale de comp\u00e9tence de la CDAP (art. 92 LPA-VD), elle est inapplicable puisque la d\u00e9cision entreprise n'\u00e9mane pas d'une autorit\u00e9 administrative. En effet, la Cour administrative est une autorit\u00e9 judiciaire dont les d\u00e9cisions ne sont en principe pas susceptibles de recours devant la CDAP. Il en r\u00e9sulte l'irrecevabilit\u00e9 du recours, \u00e9tant pr\u00e9cis\u00e9 qu'une double instance cantonale n'est pas impos\u00e9e par le droit f\u00e9d\u00e9ral en la mati\u00e8re (consid. 1 \u00e0 3). A le supposer recevable, le recours aurait quoi qu'il en soit d\u00fb \u00eatre rejet\u00e9 (consid. 4). Recours d\u00e9clar\u00e9 irrecevable."}], "ScrapyJob": "446973/40/2238", "Zeit UTC": "10.04.2026 21:25:24", "Checksum": "e2c791aef4826c5dc94874fb74aad2c3"}