{"Signatur": "VD_TC_031", "Spider": "VD_Omni", "Sprache": "fr", "Datum": "2021-08-12", "HTML": {"Datei": "VD_Omni/VD_TC_031_GE-2021-0065_2021-08-12.html", "URL": "http://www.jurisprudence.vd.ch/scripts/nph-omniscgi.exe?OmnisPlatform=WINDOWS&WebServerUrl=&WebServerScript=/scripts/nph-omniscgi.exe&OmnisLibrary=JURISWEB&OmnisClass=rtFindinfoWebHtmlService&OmnisServer=7001&Parametername=WWW_V4&Schema=VD_TA_WEB&Source=search.fiw&Aufruf=getMarkupDocument&cSprache=FRE&nF30_KEY=180656&W10_KEY=10550255&nTrefferzeile=24&Template=search/standard/results/document.fiw", "Checksum": "847c9f7cd4af0b7d83647f541a0ffb50"}, "Scrapedate": "2023-01-01", "Num": ["GE.2021.0065"], "Kopfzeile": [{"Sprachen": ["fr", "de", "it"], "Text": "Vaud Tribunal cantonal Cour de droit administratif et public 12.08.2021 GE.2021.0065"}], "Meta": [{"Sprachen": ["de"], "Text": "Waadt  Cour de droit administratif et public"}, {"Sprachen": ["fr"], "Text": "Vaud Tribunal cantonal Cour de droit administratif et public"}, {"Sprachen": ["it"], "Text": "Vaud  Cour de droit administratif et public"}], "Abstract": [{"Sprachen": ["de", "fr", "it"], "Text": "Fondation pour la formation professionnelle - FONPRO/D\u00e9partement de la formation, de la jeunesse et de la culture, A.________ | Recours de la Fondation pour la formation professionnelle contre une d\u00e9cision du DFJC relative \u00e0 la prise en charge de frais de formation d'un employ\u00e9 d'une succursale genevoise d'une soci\u00e9t\u00e9 ayant son si\u00e8ge dans le canton de Vaud. La recourante ne dispose pas d'un int\u00e9r\u00eat digne de protection \u00e0 recourir contre une telle d\u00e9cision. Rappel des conditions fix\u00e9es par les art. 75 LPA-VD et 89 al. 1 LTF et de la jurisprudence en la mati\u00e8re. Le montant de la contribution requise en l'esp\u00e8ce ne peut justifier \u00e0 lui seul une atteinte aux pr\u00e9rogatives de droit public de la recourante. D\u00e9l\u00e9gataire de puissance publique, la Fondation n'a pas la possibilit\u00e9 de fixer le cercle des b\u00e9n\u00e9ficiaires des prestations fournies, t\u00e2che qui revient au l\u00e9gislateur. En outre, il n'est pas \u00e9tabli que l'\u00e9largissement du cercle des b\u00e9n\u00e9ficiaires pourrait mettre en p\u00e9ril l'\u00e9quilibre financier de la recourante. Celle-ci se plaint en fait de l'interpr\u00e9tation faite par l'autorit\u00e9 intim\u00e9e des dispositions l\u00e9gales, ce qui correspond \u00e0 une action dans l'int\u00e9r\u00eat g\u00e9n\u00e9ral \u00e0 une correcte application du droit, insuffisant \u00e0 conf\u00e9rer la qualit\u00e9 pour recourir (consid. 1). Recours irrecevable."}], "ScrapyJob": "446973/40/2238", "Zeit UTC": "10.04.2026 21:13:28", "Checksum": "349f3deddd96529822ba43e0bc169390"}