{"Signatur": "VD_TC_031", "Spider": "VD_Omni", "Sprache": "fr", "Datum": "2022-03-25", "HTML": {"Datei": "VD_Omni/VD_TC_031_GE-2021-0245_2022-03-25.html", "URL": "http://www.jurisprudence.vd.ch/scripts/nph-omniscgi.exe?OmnisPlatform=WINDOWS&WebServerUrl=&WebServerScript=/scripts/nph-omniscgi.exe&OmnisLibrary=JURISWEB&OmnisClass=rtFindinfoWebHtmlService&OmnisServer=7001&Parametername=WWW_V4&Schema=VD_TA_WEB&Source=search.fiw&Aufruf=getMarkupDocument&cSprache=FRE&nF30_KEY=181272&W10_KEY=10550255&nTrefferzeile=32&Template=search/standard/results/document.fiw", "Checksum": "2fe8043823c5ebe29a5c98c8537ab752"}, "Scrapedate": "2023-01-01", "Num": ["GE.2021.0245"], "Kopfzeile": [{"Sprachen": ["fr", "de", "it"], "Text": "Vaud Tribunal cantonal Cour de droit administratif et public 25.03.2022 GE.2021.0245"}], "Meta": [{"Sprachen": ["de"], "Text": "Waadt  Cour de droit administratif et public"}, {"Sprachen": ["fr"], "Text": "Vaud Tribunal cantonal Cour de droit administratif et public"}, {"Sprachen": ["it"], "Text": "Vaud  Cour de droit administratif et public"}], "Abstract": [{"Sprachen": ["de", "fr", "it"], "Text": "A.________ /Direction g\u00e9n\u00e9rale de la sant\u00e9 Office du m\u00e9decin cantonal | Recours dirig\u00e9 par le p\u00e8re de deux enfants contre la d\u00e9cision soumettant ces derniers \u00e0 une quarantaine durant la pand\u00e9mie de COVID-19.\rOn peut se demander si le recours a conserv\u00e9 un objet. En effet, la p\u00e9riode de quarantaine est \u00e9coul\u00e9e au moment o\u00f9 l'arr\u00eat est rendu, de sorte que l'int\u00e9r\u00eat au recours n'est plus actuel. Au demeurant, le recourant n'\u00e9tablit pas que les conditions pos\u00e9es par la jurisprudence \u00e0 la renonciation d'un int\u00e9r\u00eat actuel au recours seraient remplies (consid. 2). Cette question peut toutefois demeurer ind\u00e9cise, le recours devant de toute mani\u00e8re \u00eatre rejet\u00e9 sur le fonds. En effet, dans un contexte de pand\u00e9mie plan\u00e9taire et face \u00e0 la d\u00e9couverte, le 2 d\u00e9cembre 2021, des deux premiers cas du variant Omicron, qualifi\u00e9 de variant pr\u00e9occupant par l'OMS, sur sols vaudois et genevois, dans une \u00e9cole internationale comprenant un campus o\u00f9 se c\u00f4toyent plusieurs milliers de personnes, on ne saurait consid\u00e9rer que l'autorit\u00e9 a abus\u00e9 de son pouvoir d'appr\u00e9ciation en ordonnant la mise \u00e0 l'\u00e9cart temporaire des personnes ayant fr\u00e9quent\u00e9 le campus entre le 29 novembre et le 3 d\u00e9cembre 2021 (consid. 6). \rRejet du recours, en tant qu'il a conserv\u00e9 un objet."}], "ScrapyJob": "446973/40/2238", "Zeit UTC": "10.04.2026 21:08:01", "Checksum": "01d7ec8582e659238ad4918311cd8493"}