{"Signatur": "VD_TC_031", "Spider": "VD_Omni", "Sprache": "fr", "Datum": "2023-05-02", "HTML": {"Datei": "VD_Omni/VD_TC_031_GE-2023-0017_2023-05-02.html", "URL": "http://www.jurisprudence.vd.ch/scripts/nph-omniscgi.exe?OmnisPlatform=WINDOWS&WebServerUrl=&WebServerScript=/scripts/nph-omniscgi.exe&OmnisLibrary=JURISWEB&OmnisClass=rtFindinfoWebHtmlService&OmnisServer=7001&Parametername=WWW_V4&Schema=VD_TA_WEB&Source=search.fiw&Aufruf=getMarkupDocument&cSprache=FRE&nF30_KEY=182449&W10_KEY=10550255&nTrefferzeile=50&Template=search/standard/results/document.fiw", "Checksum": "b26380c545bb151b29f241dd7217bf59"}, "Scrapedate": "2023-01-01", "Num": ["GE.2023.0017"], "Kopfzeile": [{"Sprachen": ["fr", "de", "it"], "Text": "Vaud Tribunal cantonal Cour de droit administratif et public 02.05.2023 GE.2023.0017"}], "Meta": [{"Sprachen": ["de"], "Text": "Waadt  Cour de droit administratif et public"}, {"Sprachen": ["fr"], "Text": "Vaud Tribunal cantonal Cour de droit administratif et public"}, {"Sprachen": ["it"], "Text": "Vaud  Cour de droit administratif et public"}], "Abstract": [{"Sprachen": ["de", "fr", "it"], "Text": "A.________, B.________/D\u00e9partement de l'enseignement et de la formation professionnelle (DEF), Etablissement primaire Pestalozzi | L'art. 19 Cst., qui garantit le droit \u00e0 un enseignement de base suffisant et gratuit, en relation avec l'art. 62 al. 2 Cst., n'octroie aucun droit \u00e0 l'enseignement priv\u00e9 \u00e0 domicile, lequel n'est pas non plus d\u00e9ductible de l'art. 13 al. 1 Cst., qui prot\u00e8ge la sph\u00e8re priv\u00e9e. M\u00eame lorsque les cantons admettent cette forme d'instruction par voie l\u00e9gislative, comme le Canton de Vaud, il faut que les r\u00e9glementations correspondantes satisfassent aux exigences du droit f\u00e9d\u00e9ral en mati\u00e8re d'enseignement de base suffisant. Si l'enseignement \u00e0 domicile est insuffisant, les autorit\u00e9s scolaires ont la comp\u00e9tence d'ordonner la r\u00e9int\u00e9gration de l'enfant dans une \u00e9cole publique ou dans une \u00e9cole priv\u00e9e reconnue.\rEn l'esp\u00e8ce, confirmation de la d\u00e9cision du d\u00e9partement ordonnant la scolarisation d'un enfant, d\u00e9sormais \u00e2g\u00e9 de 7 ans, dans un \u00e9tablissement public, l'enseignement qui lui est dispens\u00e9 jusque-l\u00e0 \u00e0 domicile \u00e9tant insuffisant tant en termes de transmission et d'acquisition de savoirs qu'en termes d'int\u00e9gration sociale."}], "ScrapyJob": "446973/40/2238", "Zeit UTC": "10.04.2026 20:55:49", "Checksum": "9e060bf7d9c005e2098e7cc1340e1d87"}