{"Signatur": "VD_TC_031", "Spider": "VD_Omni", "Sprache": "fr", "Datum": "2024-07-29", "HTML": {"Datei": "VD_Omni/VD_TC_031_GE-2023-0186_2024-07-29.html", "URL": "http://www.jurisprudence.vd.ch/scripts/nph-omniscgi.exe?OmnisPlatform=WINDOWS&WebServerUrl=&WebServerScript=/scripts/nph-omniscgi.exe&OmnisLibrary=JURISWEB&OmnisClass=rtFindinfoWebHtmlService&OmnisServer=7001&Parametername=WWW_V4&Schema=VD_TA_WEB&Source=search.fiw&Aufruf=getMarkupDocument&cSprache=FRE&nF30_KEY=184045&W10_KEY=10550255&nTrefferzeile=23&Template=search/standard/results/document.fiw", "Checksum": "fc8a93980df779918859295601518ef9"}, "Scrapedate": "2023-01-01", "Num": ["GE.2023.0186"], "Kopfzeile": [{"Sprachen": ["fr", "de", "it"], "Text": "Vaud Tribunal cantonal Cour de droit administratif et public 29.07.2024 GE.2023.0186"}], "Meta": [{"Sprachen": ["de"], "Text": "Waadt  Cour de droit administratif et public"}, {"Sprachen": ["fr"], "Text": "Vaud Tribunal cantonal Cour de droit administratif et public"}, {"Sprachen": ["it"], "Text": "Vaud  Cour de droit administratif et public"}], "Abstract": [{"Sprachen": ["de", "fr", "it"], "Text": "A.________/Commission de recours de l'Universit\u00e9 de Lausanne, Universit\u00e9 de Lausanne Direction | Recours d'une association d'\u00e9tudiants contre le refus de la Direction de l'UNIL, confirm\u00e9 par la Commission de recours, de lui accorder le statut d'association universitaire, au motif que son soci\u00e9tariat, exclusivement masculin, est incompatible avec la charte de l'UNIL. \rSur le plan de la proportionnalit\u00e9, la Direction de l\u2019UNIL n\u2019a envisag\u00e9 aucune autre mesure moins contraignante que le refus incrimin\u00e9; en outre, le refus signifi\u00e9 \u00e0 la recourante a pour cons\u00e9quence de la d\u00e9favoriser au regard d\u2019autres associations d\u2019\u00e9tudiants ou de l\u2019influencer dans son fonctionnement en raison de la composition statutaire non mixte de son soci\u00e9tariat. Aucun motif de s'\u00e9carter de l'ATF 140 I 201 ayant d\u00e9j\u00e0 tranch\u00e9 la question de la proportionnalit\u00e9 de cette mesure; il n\u2019appara\u00eet pas en effet que la situation politique et soci\u00e9tale ait \u00e9volu\u00e9 de mani\u00e8re d\u00e9terminante depuis lors, au point de justifier le renversement de la pes\u00e9e des int\u00e9r\u00eats effectu\u00e9e par le Tribunal f\u00e9d\u00e9ral. \rAdmission du recours.\r\rRecours au TF admis (2C_441/2024 du 25 mars 2025)."}], "ScrapyJob": "446973/40/2238", "Zeit UTC": "10.04.2026 20:44:52", "Checksum": "8b2849a777106badf6fc85734054b070"}