{"Signatur": "VD_TC_031", "Spider": "VD_Omni", "Sprache": "fr", "Datum": "2024-03-19", "HTML": {"Datei": "VD_Omni/VD_TC_031_GE-2023-0201_2024-03-19.html", "URL": "http://www.jurisprudence.vd.ch/scripts/nph-omniscgi.exe?OmnisPlatform=WINDOWS&WebServerUrl=&WebServerScript=/scripts/nph-omniscgi.exe&OmnisLibrary=JURISWEB&OmnisClass=rtFindinfoWebHtmlService&OmnisServer=7001&Parametername=WWW_V4&Schema=VD_TA_WEB&Source=search.fiw&Aufruf=getMarkupDocument&cSprache=FRE&nF30_KEY=183579&W10_KEY=10550255&nTrefferzeile=23&Template=search/standard/results/document.fiw", "Checksum": "0a8cc5befc8c51a4cef22c214c16dfc2"}, "Scrapedate": "2023-01-01", "Num": ["GE.2023.0201"], "Kopfzeile": [{"Sprachen": ["fr", "de", "it"], "Text": "Vaud Tribunal cantonal Cour de droit administratif et public 19.03.2024 GE.2023.0201"}], "Meta": [{"Sprachen": ["de"], "Text": "Waadt  Cour de droit administratif et public"}, {"Sprachen": ["fr"], "Text": "Vaud Tribunal cantonal Cour de droit administratif et public"}, {"Sprachen": ["it"], "Text": "Vaud  Cour de droit administratif et public"}], "Abstract": [{"Sprachen": ["de", "fr", "it"], "Text": "A.________/D\u00e9partement de l'enseignement et de la formation professionnelle (DEF), Gymnase de ******** | Le recourant a requis en vain qu'un demi-point de faveur lui soit accord\u00e9, afin qu'il soit promu en 2e ann\u00e9e en Ecole de culture g\u00e9n\u00e9rale, ce qui ent\u00e9rine son \u00e9chec d\u00e9finitif au terme de sa 1\u00e8re ann\u00e9e 2022-2023; en effet, il ne remplit pas deux des trois conditions cumulatives de promotion pr\u00e9vues par la r\u00e9glementation applicable. \rLe recourant se plaint de ce la Conf\u00e9rence des ma\u00eetres n'aurait pas tenu compte de ses probl\u00e8mes d\u2019audition; aucune demande motiv\u00e9e en ce sens n\u2019ayant \u00e9t\u00e9 form\u00e9e, l\u2019on ne saurait reprocher \u00e0 l\u2019autorit\u00e9 intim\u00e9e d\u2019avoir abus\u00e9 du pouvoir d\u2019appr\u00e9ciation qui lui est conf\u00e9r\u00e9 en la mati\u00e8re en confirmant l'\u00e9chec d\u00e9finitif, sans que des mesures de soutien n\u2019aient pr\u00e9alablement \u00e9t\u00e9 mises en place.\rLe recourant reproche en outre \u00e0 l\u2019autorit\u00e9 intim\u00e9e de n\u2019avoir pas retenu la demande d\u2019ann\u00e9e blanche qu\u2019il avait formul\u00e9e en ce qui concerne l\u2019ann\u00e9e scolaire 2021-2022; or, cette demande a \u00e9t\u00e9 faite en 2023 et il n\u2019\u00e9st pas concevable, plus de six mois apr\u00e8s la fin de l\u2019ann\u00e9e scolaire 2021-2022, de consid\u00e9rer, de fa\u00e7on r\u00e9troactive en quelque sorte, que cette ann\u00e9e n\u2019est pas \u00e9chou\u00e9e.\rIl ressort de toute fa\u00e7on de la d\u00e9cision attaqu\u00e9e que les r\u00e9sultats finaux du recourant en premi\u00e8re ann\u00e9e de l\u2019Ecole de culture g\u00e9n\u00e9rale demeurent en de\u00e7\u00e0 du seuil de suffisance et que ceux-ci refl\u00e8tent ses aptitudes r\u00e9elles. Pas d'abus de l'autorit\u00e9 intim\u00e9e dans l'exercice de son pouvoir d'appr\u00e9ciation, ni de violation de l'\u00e9galit\u00e9 de traitement. Rejet du recours et confirmation de la d\u00e9cision attaqu\u00e9e."}], "ScrapyJob": "446973/40/2238", "Zeit UTC": "10.04.2026 20:51:32", "Checksum": "a46257b93c610adcdf399f7516219982"}