{"Signatur": "VD_TC_031", "Spider": "VD_Omni", "Sprache": "fr", "Datum": "2024-06-14", "HTML": {"Datei": "VD_Omni/VD_TC_031_GE-2024-0124_2024-06-14.html", "URL": "http://www.jurisprudence.vd.ch/scripts/nph-omniscgi.exe?OmnisPlatform=WINDOWS&WebServerUrl=&WebServerScript=/scripts/nph-omniscgi.exe&OmnisLibrary=JURISWEB&OmnisClass=rtFindinfoWebHtmlService&OmnisServer=7001&Parametername=WWW_V4&Schema=VD_TA_WEB&Source=search.fiw&Aufruf=getMarkupDocument&cSprache=FRE&nF30_KEY=183904&W10_KEY=10550255&nTrefferzeile=35&Template=search/standard/results/document.fiw", "Checksum": "e4738ce67766e8f1ec8e04de3338dc1d"}, "Scrapedate": "2023-01-01", "Num": ["GE.2024.0124"], "Kopfzeile": [{"Sprachen": ["fr", "de", "it"], "Text": "Vaud Tribunal cantonal Cour de droit administratif et public 14.06.2024 GE.2024.0124"}], "Meta": [{"Sprachen": ["de"], "Text": "Waadt  Cour de droit administratif et public"}, {"Sprachen": ["fr"], "Text": "Vaud Tribunal cantonal Cour de droit administratif et public"}, {"Sprachen": ["it"], "Text": "Vaud  Cour de droit administratif et public"}], "Abstract": [{"Sprachen": ["de", "fr", "it"], "Text": "ETABLISSEMENT VAUDOIS D'ACCUEIL DES MIGRANTS (EVAM)/Direction g\u00e9n\u00e9rale de l'enfance et de la jeunesse (DGEJ), A.________ | D\u00e9cision de la DGEJ, pr\u00e9avisant d\u00e9favorablement l'engagement par l'EVAM comme r\u00e9f\u00e9rent-surveillant dans le domaine des mineurs non accompagn\u00e9s (MNA) d'une personne faisant l'objet d'une enqu\u00eate p\u00e9nale pour actes d'ordre sexuel avec une personne hospitalis\u00e9e, d\u00e9tenue ou pr\u00e9venue au sens de l'art. 192 CP et requ\u00e9rant de sa part de prendre dans les meilleurs d\u00e9lais les mesures pour mettre un terme aux rapports de travail. Recours de l'EVAM contre cette d\u00e9cision qu'il qualifie de disproportionn\u00e9e. M\u00eame si l'int\u00e9ress\u00e9 b\u00e9n\u00e9ficie de la pr\u00e9somption d'innocence au p\u00e9nal, le principe de pr\u00e9caution impose vu la gravit\u00e9 des faits reproch\u00e9s de tenir compte des risques hypoth\u00e9tiques dans le cadre de l'encadrement de mineurs. Or l'EVAM n'a pas fourni de garanties suffisantes sur ce point, semblant au contraire banaliser les soup\u00e7ons pesant sur son collaborateur. Son int\u00e9r\u00eat priv\u00e9 \u00e0 conserver un tel employ\u00e9 doit ainsi c\u00e9der le pas \u00e0 l'int\u00e9r\u00eat public \u00e0 ce que les MNA soient encadr\u00e9s par des personnes dont les qualit\u00e9s personnelles, les aptitudes \u00e9ducatives et la formation leur permettent d'assumer leurs t\u00e2ches. Recours rejet\u00e9."}], "ScrapyJob": "446973/40/2238", "Zeit UTC": "10.04.2026 20:44:29", "Checksum": "ee8fa7a24078def0d2359d6896653a62"}