{"Signatur": "VD_TC_031", "Spider": "VD_Omni", "Sprache": "fr", "Datum": "2025-03-18", "HTML": {"Datei": "VD_Omni/VD_TC_031_GE-2024-0153_2025-03-18.html", "URL": "http://www.jurisprudence.vd.ch/scripts/nph-omniscgi.exe?OmnisPlatform=WINDOWS&WebServerUrl=&WebServerScript=/scripts/nph-omniscgi.exe&OmnisLibrary=JURISWEB&OmnisClass=rtFindinfoWebHtmlService&OmnisServer=7001&Parametername=WWW_V4&Schema=VD_TA_WEB&Source=search.fiw&Aufruf=getMarkupDocument&cSprache=FRE&nF30_KEY=184819&W10_KEY=10594047&nTrefferzeile=2&Template=search/standard/results/document.fiw", "Checksum": "d87165227f9f7c072f42ecfedd484424"}, "Scrapedate": "2023-01-01", "Num": ["GE.2024.0153"], "Kopfzeile": [{"Sprachen": ["fr", "de", "it"], "Text": "Vaud Tribunal cantonal Cour de droit administratif et public 18.03.2025 GE.2024.0153"}], "Meta": [{"Sprachen": ["de"], "Text": "Waadt  Cour de droit administratif et public"}, {"Sprachen": ["fr"], "Text": "Vaud Tribunal cantonal Cour de droit administratif et public"}, {"Sprachen": ["it"], "Text": "Vaud  Cour de droit administratif et public"}], "Abstract": [{"Sprachen": ["de", "fr", "it"], "Text": "A.________/D\u00e9partement de l'enseignement et de la formation professionnelle (DEF) | Recours contre une d\u00e9cision refusant \u00e0 un \u00e9tudiant domicili\u00e9 dans le Canton de Vaud n'ayant pas \u00e9t\u00e9 admis \u00e0 l'ECAL l'autorisation de suivre dans le Canton de Gen\u00e8ve la passerelle prop\u00e9deutique Art et Design aupr\u00e8s du Centre de formation professionnelle Arts (CFP Arts).  Confirmation que les formations de l'ECAL et du CFP Arts sont \u00e9quivalentes, m\u00eame si elles ne sont pas identiques (consid.3). Examen de la situation du recourant au regard de l'art. 2 al. 2 C-FE qui permet d'octroyer, par analogie, des autorisations d'\u00e9udes hors canton dans des situations voisines \u00e0 celle o\u00f9 la formation n'est pas offerte dans le canton. Le fait de ne pas avoir \u00e9t\u00e9 admis en ann\u00e9e prop\u00e9dutique dans son canton de domicile en raison d'un concours d'admission, f\u00fbt-il s\u00e9lectif, ne constitue pas une situation analogue \u00e0 celle o\u00f9 la formation n'est pas offerte dans le canton de domicile. Pas d'exc\u00e8s n\u00e9gatif du pouvoir d'appr\u00e9ciation de l'autorit\u00e9. Rejet de la requ\u00eate du recourant tendant \u00e0 la production de toutes les autorisations d\u00e9livr\u00e9es sur la base de l'art. 2 al. 2 C-FE(consid. 4). Rejet du grief relatif au respect des exigences constitutionnelles en mati\u00e8re de perm\u00e9abilit\u00e9 de l'espace suisse de formation et du grief relatif \u00e0 l'\u00e9galit\u00e9 de traitement par rapport au domaine universitaire et par rapport \u00e0 l'\u00e9cole obligatoire et au gymnase. Confirmation qu'il n'y a pas de droit constitutionnel au libre acc\u00e8s aux \u00e9tudes universitaires (consid. 5)."}], "ScrapyJob": "446973/40/2254", "Zeit UTC": "26.04.2026 01:37:36", "Checksum": "be513ba0823b685ab949b0b4c3b3f3cb"}