{"Signatur": "VD_TC_031", "Spider": "VD_Omni", "Sprache": "fr", "Datum": "2008-12-10", "HTML": {"Datei": "VD_Omni/VD_TC_031_PE-2008-0285_2008-12-10.html", "URL": "http://www.jurisprudence.vd.ch/scripts/nph-omniscgi.exe?OmnisPlatform=WINDOWS&WebServerUrl=&WebServerScript=/scripts/nph-omniscgi.exe&OmnisLibrary=JURISWEB&OmnisClass=rtFindinfoWebHtmlService&OmnisServer=7001&Parametername=WWW_V4&Schema=VD_TA_WEB&Source=search.fiw&Aufruf=getMarkupDocument&cSprache=FRE&nF30_KEY=160657&W10_KEY=10550255&nTrefferzeile=45&Template=search/standard/results/document.fiw", "Checksum": "5ba89157eec7a5b9e1d6af99e5614183"}, "Scrapedate": "2023-01-01", "Num": ["PE.2008.0285"], "Kopfzeile": [{"Sprachen": ["fr", "de", "it"], "Text": "Vaud Tribunal cantonal Cour de droit administratif et public 10.12.2008 PE.2008.0285"}], "Meta": [{"Sprachen": ["de"], "Text": "Waadt  Cour de droit administratif et public"}, {"Sprachen": ["fr"], "Text": "Vaud Tribunal cantonal Cour de droit administratif et public"}, {"Sprachen": ["it"], "Text": "Vaud  Cour de droit administratif et public"}], "Abstract": [{"Sprachen": ["de", "fr", "it"], "Text": "X. c/Service de la population (SPOP) | Demande de regroupement familial partiel diff\u00e9r\u00e9; recours rejet\u00e9; le fils du recourant, proche de la majorit\u00e9, n'a v\u00e9cu avec son p\u00e8re que quelques mois en 1993, alors qu'il \u00e9tait \u00e2g\u00e9 d'un peu plus d'un an, et il n'y a pas de modification de la situation familiale; il n'est en particulier pas \u00e9tabli que la m\u00e8re de l'enfant serait devenue incapable de l'\u00e9lever ou qu'il y aurait des difficult\u00e9s relationnelles entre eux; s'agissant de la cellule familiale dont se pr\u00e9vaut le recourant, il faut rappeler que le regroupement familial n'est pas de cr\u00e9er une nouvelle famille, mais de reconstituer une cellule familiale dont les membres ont \u00e9t\u00e9 s\u00e9par\u00e9s et qui ont gard\u00e9 une relation pr\u00e9pond\u00e9rante; le fils du recourant \u00e9tant en \u00e2ge de rechercher une place d'apprentissage ou d'entamer des \u00e9tudes, il appara\u00eet que la demande de regroupement familial est vraisemblablement fond\u00e9e sur des motifs \u00e9conomiques."}], "ScrapyJob": "446973/40/2238", "Zeit UTC": "11.04.2026 00:59:07", "Checksum": "b5bcd20c71097e6ae01c1ebd6a4ae53f"}