{"Signatur": "VD_TC_031", "Spider": "VD_Omni", "Sprache": "fr", "Datum": "2009-04-14", "HTML": {"Datei": "VD_Omni/VD_TC_031_PE-2008-0325_2009-04-14.html", "URL": "http://www.jurisprudence.vd.ch/scripts/nph-omniscgi.exe?OmnisPlatform=WINDOWS&WebServerUrl=&WebServerScript=/scripts/nph-omniscgi.exe&OmnisLibrary=JURISWEB&OmnisClass=rtFindinfoWebHtmlService&OmnisServer=7001&Parametername=WWW_V4&Schema=VD_TA_WEB&Source=search.fiw&Aufruf=getMarkupDocument&cSprache=FRE&nF30_KEY=161160&W10_KEY=10550255&nTrefferzeile=47&Template=search/standard/results/document.fiw", "Checksum": "a27a7ecf4fd4e38b3e657fc17a02bd1d"}, "Scrapedate": "2023-01-01", "Num": ["PE.2008.0325"], "Kopfzeile": [{"Sprachen": ["fr", "de", "it"], "Text": "Vaud Tribunal cantonal Cour de droit administratif et public 14.04.2009 PE.2008.0325"}], "Meta": [{"Sprachen": ["de"], "Text": "Waadt  Cour de droit administratif et public"}, {"Sprachen": ["fr"], "Text": "Vaud Tribunal cantonal Cour de droit administratif et public"}, {"Sprachen": ["it"], "Text": "Vaud  Cour de droit administratif et public"}], "Abstract": [{"Sprachen": ["de", "fr", "it"], "Text": "A.________, B.________ c/Service de la population (SPOP) | Refus par le SPOP d'acc\u00e9der \u00e0 une demande de regroupement familial partiel diff\u00e9r\u00e9. Recours rejet\u00e9. La modification des circonstances invoqu\u00e9es (sant\u00e9 d\u00e9clinante de la grand-m\u00e8re paternelle ayant la garde de l'enfant) n'est en l'occurrence pas suffisante pour justifier \u00e0 elle seule une r\u00e9union partielle de la famille (p\u00e8re et fille) en Suisse. En l'esp\u00e8ce, l'enfant \u00e9tait dans sa seizi\u00e8me ann\u00e9e au moment du d\u00e9p\u00f4t de la requ\u00eate. Rien n'indique que des solutions pour une aide \u00e0 la prise en charge de la requ\u00e9rante n'\u00e9taient pas envisageables au Pakistan. La demande de regroupement a \u00e9t\u00e9 diff\u00e9r\u00e9e pendant plus de cinq ans si l'on tient compte de l'arriv\u00e9e en Suisse du p\u00e8re de l'enfant, depuis plus de douze ans et si l'on prend en compte le moment o\u00f9 la grand-m\u00e8re paternelle s'est vue confier la garde de l'enfant \u00e0 la suite du divorce de ses parents."}], "ScrapyJob": "446973/40/2238", "Zeit UTC": "11.04.2026 00:53:39", "Checksum": "bebebc14a638ffc82f299f33d70a7ad0"}