{"Signatur": "VD_TC_031", "Spider": "VD_Omni", "Sprache": "fr", "Datum": "2009-02-12", "HTML": {"Datei": "VD_Omni/VD_TC_031_PE-2008-0417_2009-02-12.html", "URL": "http://www.jurisprudence.vd.ch/scripts/nph-omniscgi.exe?OmnisPlatform=WINDOWS&WebServerUrl=&WebServerScript=/scripts/nph-omniscgi.exe&OmnisLibrary=JURISWEB&OmnisClass=rtFindinfoWebHtmlService&OmnisServer=7001&Parametername=WWW_V4&Schema=VD_TA_WEB&Source=search.fiw&Aufruf=getMarkupDocument&cSprache=FRE&nF30_KEY=160916&W10_KEY=10550255&nTrefferzeile=19&Template=search/standard/results/document.fiw", "Checksum": "e160cb245f886c92c34c7a6f9050e052"}, "Scrapedate": "2023-01-01", "Num": ["PE.2008.0417"], "Kopfzeile": [{"Sprachen": ["fr", "de", "it"], "Text": "Vaud Tribunal cantonal Cour de droit administratif et public 12.02.2009 PE.2008.0417"}], "Meta": [{"Sprachen": ["de"], "Text": "Waadt  Cour de droit administratif et public"}, {"Sprachen": ["fr"], "Text": "Vaud Tribunal cantonal Cour de droit administratif et public"}, {"Sprachen": ["it"], "Text": "Vaud  Cour de droit administratif et public"}], "Abstract": [{"Sprachen": ["de", "fr", "it"], "Text": "X.________,Y.________ et Z.________/Service de la population (SPOP) | Demande de regroupement familial diff\u00e9r\u00e9 en faveur de deux enfants n\u00e9s en 1993 et 1995 d\u00e9pos\u00e9e en ao\u00fbt 2007. Refus du SPOP qui a consid\u00e9r\u00e9 que la requ\u00eate \u00e9tait tardive parce que la m\u00e8re des enfants vivait en Suisse depuis 2001 \u00e0 la suite de son mariage avec un Suisse. D\u00e9cision du SPOP annul\u00e9e par la CDAP qui a tenu compte des circonstances particuli\u00e8res du cas  qui diff\u00e8rent de l'ATF 133 II 6. Le tribunal a ainsi pris en consid\u00e9ration le fait que les enfants n'avaient pas de p\u00e8re en Afrique (il ne s'agit pas du cas classique de parents vivant s\u00e9par\u00e9s), des circonstances ayant retard\u00e9 la r\u00e9union de la famille en Suisse (s\u00e9paration en 2006 de la m\u00e8re de son \u00e9poux suisse dont elle avait eu un enfant n\u00e9 \u00e0 fin 2003), de l'\u00e2ge des enfants (12 et 14 ans) au moment du d\u00e9p\u00f4t de la demande et des possibilit\u00e9s d'int\u00e9gration en Suisse; la Cour a consid\u00e9r\u00e9 \u00e9galement que la m\u00e8re n'avait pas la possibilit\u00e9 de rentrer dans son pays (le Cameroun) pour demeurer aupr\u00e8s des deux requ\u00e9rants d\u00e8s lors qu'elle \u00e9tait m\u00e8re d'un autre enfant, de nationalit\u00e9 suisse, qui serait priv\u00e9 de voir son p\u00e8re suisse. Recours admis."}], "ScrapyJob": "446973/40/2238", "Zeit UTC": "11.04.2026 00:56:43", "Checksum": "d70bd2048dd327d7170a4f2fefe9adfa"}