{"Signatur": "VD_TC_031", "Spider": "VD_Omni", "Sprache": "fr", "Datum": "2010-03-29", "HTML": {"Datei": "VD_Omni/VD_TC_031_PE-2009-0124_2010-03-29.html", "URL": "http://www.jurisprudence.vd.ch/scripts/nph-omniscgi.exe?OmnisPlatform=WINDOWS&WebServerUrl=&WebServerScript=/scripts/nph-omniscgi.exe&OmnisLibrary=JURISWEB&OmnisClass=rtFindinfoWebHtmlService&OmnisServer=7001&Parametername=WWW_V4&Schema=VD_TA_WEB&Source=search.fiw&Aufruf=getMarkupDocument&cSprache=FRE&nF30_KEY=162930&W10_KEY=10550255&nTrefferzeile=17&Template=search/standard/results/document.fiw", "Checksum": "c0639237d074dcd9c1114679bb5249b4"}, "Scrapedate": "2023-01-01", "Num": ["PE.2009.0124"], "Kopfzeile": [{"Sprachen": ["fr", "de", "it"], "Text": "Vaud Tribunal cantonal Cour de droit administratif et public 29.03.2010 PE.2009.0124"}], "Meta": [{"Sprachen": ["de"], "Text": "Waadt  Cour de droit administratif et public"}, {"Sprachen": ["fr"], "Text": "Vaud Tribunal cantonal Cour de droit administratif et public"}, {"Sprachen": ["it"], "Text": "Vaud  Cour de droit administratif et public"}], "Abstract": [{"Sprachen": ["de", "fr", "it"], "Text": "A. X.________ c/Service de la population (SPOP) | Le refus d'accorder une autorisation de s\u00e9jour \u00e0 une ressortissante de Serbie-et-Mont\u00e9n\u00e9gro, m\u00e8re d'un enfant n\u00e9 en 2008, entr\u00e9e en Suisse sans autorisation pour y rejoindre son \u00e9poux, interdit de s\u00e9jour, est confirm\u00e9. Quand bien m\u00eame les autorit\u00e9s administratives vaudoises auraient tol\u00e9r\u00e9 la pr\u00e9sence de l'\u00e9poux en Suisse, cela ne saurait fonder un droit au regroupement familial pour son \u00e9pouse et sa fille. La dur\u00e9e du s\u00e9jour ill\u00e9gal - 26 ans selon la recourante, mais tout au plus de 18 ans - n'est \u00e0 cet \u00e9gard pas d\u00e9terminant. Pas de droit \u00e0 une autorisation fond\u00e9 sur l'art. 8 CEDH non plus, en raison de l'ill\u00e9galit\u00e9 du s\u00e9jour. En outre, les conditions d'un cas individuel d'extr\u00eame gravit\u00e9 ne sont pas r\u00e9alis\u00e9es (dur\u00e9e du s\u00e9jour br\u00e8ve, enfant en bas \u00e2ge non scolaris\u00e9, attaches familiales et culturelles dans son pays d'origine, pas de qualifications professionnelles particuli\u00e8res)."}], "ScrapyJob": "446973/40/2238", "Zeit UTC": "11.04.2026 00:32:08", "Checksum": "636c8f4c635731b1d3e9aafc0a22c8f2"}