{"Signatur": "VD_TC_031", "Spider": "VD_Omni", "Sprache": "fr", "Datum": "2009-07-15", "HTML": {"Datei": "VD_Omni/VD_TC_031_PE-2009-0327_2009-07-15.html", "URL": "http://www.jurisprudence.vd.ch/scripts/nph-omniscgi.exe?OmnisPlatform=WINDOWS&WebServerUrl=&WebServerScript=/scripts/nph-omniscgi.exe&OmnisLibrary=JURISWEB&OmnisClass=rtFindinfoWebHtmlService&OmnisServer=7001&Parametername=WWW_V4&Schema=VD_TA_WEB&Source=search.fiw&Aufruf=getMarkupDocument&cSprache=FRE&nF30_KEY=161666&W10_KEY=10550255&nTrefferzeile=47&Template=search/standard/results/document.fiw", "Checksum": "f8c900443a60f823ee62164e38fdf6c5"}, "Scrapedate": "2023-01-01", "Num": ["PE.2009.0327"], "Kopfzeile": [{"Sprachen": ["fr", "de", "it"], "Text": "Vaud Tribunal cantonal Cour de droit administratif et public 15.07.2009 PE.2009.0327"}], "Meta": [{"Sprachen": ["de"], "Text": "Waadt  Cour de droit administratif et public"}, {"Sprachen": ["fr"], "Text": "Vaud Tribunal cantonal Cour de droit administratif et public"}, {"Sprachen": ["it"], "Text": "Vaud  Cour de droit administratif et public"}], "Abstract": [{"Sprachen": ["de", "fr", "it"], "Text": "X. c/Service de la population (SPOP) | Le recourant est entr\u00e9 en Suisse en 1999 pour suivre un programme de perfectionnement de violon d'une dur\u00e9e allant de trois \u00e0 cinq ans. En 2008, il a obtenu son dipl\u00f4me de violoniste concertiste. Il a alors sollicit\u00e9 une nouvelle prolongation de son autorisation de s\u00e9jour aux fins de suivre des cours de musique de chambre et de formation orchestrale. L'autorit\u00e9 intim\u00e9e n'a pas abus\u00e9 de son pouvoir d'appr\u00e9ciation en retenant que le but du s\u00e9jour du recourant, venu en Suisse pour obtenir un titre de musicien concertiste, \u00e9tait atteint. De plus, le compl\u00e9ment de formation souhait\u00e9 par le recourant reportera son d\u00e9part de Suisse en 2011, portant la dur\u00e9e totale de son s\u00e9jour pour \u00e9tudes \u00e0 douze ans, ce qui exc\u00e8de la limite impos\u00e9e par la loi. Partant, la sortie de Suisse du recourant qui sera alors \u00e2g\u00e9 de 31 ans n'est plus assur\u00e9e. Recours manifestement mal fond\u00e9 et rejet\u00e9."}], "ScrapyJob": "446973/40/2238", "Zeit UTC": "11.04.2026 00:48:38", "Checksum": "5f54eaa20723d6603a56d7c13325cfa2"}