{"Signatur": "VD_TC_031", "Spider": "VD_Omni", "Sprache": "fr", "Datum": "2010-11-01", "HTML": {"Datei": "VD_Omni/VD_TC_031_PE-2009-0440_2010-11-01.html", "URL": "http://www.jurisprudence.vd.ch/scripts/nph-omniscgi.exe?OmnisPlatform=WINDOWS&WebServerUrl=&WebServerScript=/scripts/nph-omniscgi.exe&OmnisLibrary=JURISWEB&OmnisClass=rtFindinfoWebHtmlService&OmnisServer=7001&Parametername=WWW_V4&Schema=VD_TA_WEB&Source=search.fiw&Aufruf=getMarkupDocument&cSprache=FRE&nF30_KEY=163967&W10_KEY=10550255&nTrefferzeile=27&Template=search/standard/results/document.fiw", "Checksum": "8a23ac797296a4766203d0aa74359b14"}, "Scrapedate": "2023-01-01", "Num": ["PE.2009.0440"], "Kopfzeile": [{"Sprachen": ["fr", "de", "it"], "Text": "Vaud Tribunal cantonal Cour de droit administratif et public 01.11.2010 PE.2009.0440"}], "Meta": [{"Sprachen": ["de"], "Text": "Waadt  Cour de droit administratif et public"}, {"Sprachen": ["fr"], "Text": "Vaud Tribunal cantonal Cour de droit administratif et public"}, {"Sprachen": ["it"], "Text": "Vaud  Cour de droit administratif et public"}], "Abstract": [{"Sprachen": ["de", "fr", "it"], "Text": "X. c/Service de la population (SPOP) | Ressortissant kosovar arriv\u00e9 en Suisse en juin 2007, au b\u00e9n\u00e9fice d'une autorisation de s\u00e9jour en raison de son mariage avec une ressortissante helv\u00e9tique; d\u00e9c\u00e8s de cette derni\u00e8re apr\u00e8s moins de trois ans de mariage. Le fait que la cause de la dissolution de l'union conjugale tienne au d\u00e9c\u00e8s de l'\u00e9pouse de l'int\u00e9ress\u00e9 doit certes \u00eatre pris en consid\u00e9ration, mais n'est pas en tant que tel constitutif de raisons personnelles majeures justifiant la poursuite de son droit \u00e0 une autorisation de s\u00e9jour. En l'esp\u00e8ce, aucun enfant n'est n\u00e9 de l'union du recourant avec feue son \u00e9pouse. L'int\u00e9ress\u00e9 ne peut par ailleurs se pr\u00e9valoir ni d'un s\u00e9jour particuli\u00e8rement long dans notre pays, ni de qualifications professionnelles particuli\u00e8res; sa ma\u00eetrise du fran\u00e7ais est pour le moins limit\u00e9e, et son int\u00e9gration en Suisse tient essentiellement (sinon exclusivement) \u00e0 ses relations de travail. Enfin, il n'appara\u00eet pas qu'une r\u00e9int\u00e9gration dans son pays d'origine, o\u00f9 r\u00e9sident notamment ses parents ainsi que ses deux filles n\u00e9es d'une pr\u00e9c\u00e9dente union, serait fortement compromise. Confirmation de la r\u00e9vocation de son autorisation de s\u00e9jour.    \r\r"}], "ScrapyJob": "446973/40/2238", "Zeit UTC": "11.04.2026 00:19:51", "Checksum": "28419bec6206158ef0afba6bae54b68c"}