{"Signatur": "VD_TC_031", "Spider": "VD_Omni", "Sprache": "fr", "Datum": "2010-05-31", "HTML": {"Datei": "VD_Omni/VD_TC_031_PE-2010-0036_2010-05-31.html", "URL": "http://www.jurisprudence.vd.ch/scripts/nph-omniscgi.exe?OmnisPlatform=WINDOWS&WebServerUrl=&WebServerScript=/scripts/nph-omniscgi.exe&OmnisLibrary=JURISWEB&OmnisClass=rtFindinfoWebHtmlService&OmnisServer=7001&Parametername=WWW_V4&Schema=VD_TA_WEB&Source=search.fiw&Aufruf=getMarkupDocument&cSprache=FRE&nF30_KEY=163321&W10_KEY=10550255&nTrefferzeile=49&Template=search/standard/results/document.fiw", "Checksum": "9cecd6a196067f77aa4f8a8915162cce"}, "Scrapedate": "2023-01-01", "Num": ["PE.2010.0036"], "Kopfzeile": [{"Sprachen": ["fr", "de", "it"], "Text": "Vaud Tribunal cantonal Cour de droit administratif et public 31.05.2010 PE.2010.0036"}], "Meta": [{"Sprachen": ["de"], "Text": "Waadt  Cour de droit administratif et public"}, {"Sprachen": ["fr"], "Text": "Vaud Tribunal cantonal Cour de droit administratif et public"}, {"Sprachen": ["it"], "Text": "Vaud  Cour de droit administratif et public"}], "Abstract": [{"Sprachen": ["de", "fr", "it"], "Text": "A.X.________ c/Service de la population (SPOP) | Par d\u00e9cision de non-entr\u00e9e en mati\u00e8re rendue le 13 juillet 2009, l'ODM a renvoy\u00e9 le recourant, ressortissant irakien, en Gr\u00e8ce, pays dans lequel il avait d\u00e9j\u00e0 d\u00e9pos\u00e9 une demande d'asile. Cette d\u00e9cision a \u00e9t\u00e9 notifi\u00e9e au recourant le 15 septembre 2009. Le m\u00eame jour, la police cantonale l'a interpell\u00e9 et conduit \u00e0 la prison de l'a\u00e9roport de Zurich. Le lendemain, il a embarqu\u00e9 \u00e0 bord d'un vol \u00e0 destination d'Ath\u00e8nes o\u00f9 il \u00e9t\u00e9 r\u00e9admis. Le recourant demande que le tribunal de c\u00e9ans constate l'illic\u00e9it\u00e9 de cette mesure de contrainte. Or, c'est le juge de paix qui est comp\u00e9tent dans le canton de Vaud pour contr\u00f4ler la l\u00e9galit\u00e9 d'une telle mesure. Irrecevable, le recours est d\u00e8s lors transmis au juge de paix des districts de Lausanne et de l'Ouest lausannois comme objet de sa comp\u00e9tence."}], "ScrapyJob": "446973/40/2238", "Zeit UTC": "11.04.2026 00:27:33", "Checksum": "607eb30a7de6db9f0f42c86734123d39"}