{"Signatur": "VD_TC_031", "Spider": "VD_Omni", "Sprache": "fr", "Datum": "2010-06-02", "HTML": {"Datei": "VD_Omni/VD_TC_031_PE-2010-0039_2010-06-02.html", "URL": "http://www.jurisprudence.vd.ch/scripts/nph-omniscgi.exe?OmnisPlatform=WINDOWS&WebServerUrl=&WebServerScript=/scripts/nph-omniscgi.exe&OmnisLibrary=JURISWEB&OmnisClass=rtFindinfoWebHtmlService&OmnisServer=7001&Parametername=WWW_V4&Schema=VD_TA_WEB&Source=search.fiw&Aufruf=getMarkupDocument&cSprache=FRE&nF30_KEY=163342&W10_KEY=10550255&nTrefferzeile=35&Template=search/standard/results/document.fiw", "Checksum": "e648d853bbd4294a84eb0ada220c6b15"}, "Scrapedate": "2023-01-01", "Num": ["PE.2010.0039"], "Kopfzeile": [{"Sprachen": ["fr", "de", "it"], "Text": "Vaud Tribunal cantonal Cour de droit administratif et public 02.06.2010 PE.2010.0039"}], "Meta": [{"Sprachen": ["de"], "Text": "Waadt  Cour de droit administratif et public"}, {"Sprachen": ["fr"], "Text": "Vaud Tribunal cantonal Cour de droit administratif et public"}, {"Sprachen": ["it"], "Text": "Vaud  Cour de droit administratif et public"}], "Abstract": [{"Sprachen": ["de", "fr", "it"], "Text": "X. c/Service de la population (SPOP) | Le 12 novembre 2009, le SPOP a notifi\u00e9 la d\u00e9cision de non-entr\u00e9e en mati\u00e8re et de renvoi de l'ODM au recourant (proc\u00e9dure Dublin). Le m\u00eame jour, ce dernier a \u00e9t\u00e9 achemin\u00e9 \u00e0 l'a\u00e9roport de Zurich, o\u00f9 il a \u00e9t\u00e9 plac\u00e9 en d\u00e9tention jusqu'au lendemain. Le 13 novembre 2009, il a \u00e9t\u00e9 refoul\u00e9 vers l'Italie. Il appara\u00eet que le recourant a fait l'objet d'une mesure de d\u00e9tention administrative, vraisemblablement pr\u00e9c\u00e9d\u00e9e d'une mesure de r\u00e9tention (mesures de contrainte d\u00e9finies par la LETr). L'autorit\u00e9 judiciaire comp\u00e9tente pour contr\u00f4ler ces mesures est, dans le canton de Vaud, le juge de paix des districts de Lausanne et de l'Ouest lausannois (art. 17 LVLetr). Il s'ensuit que la cour de c\u00e9ans n'est pas comp\u00e9tente pour contr\u00f4ler la l\u00e9galit\u00e9 d'une mesure de contrainte et qu'il y a lieu de transmettre le recours \u00e0 l'autorit\u00e9 comp\u00e9tente."}], "ScrapyJob": "446973/40/2238", "Zeit UTC": "11.04.2026 00:27:39", "Checksum": "12d5000ffc4d640fe176f63176ff3fd0"}