{"Signatur": "VD_TC_031", "Spider": "VD_Omni", "Sprache": "fr", "Datum": "2010-12-14", "HTML": {"Datei": "VD_Omni/VD_TC_031_PE-2010-0404_2010-12-14.html", "URL": "http://www.jurisprudence.vd.ch/scripts/nph-omniscgi.exe?OmnisPlatform=WINDOWS&WebServerUrl=&WebServerScript=/scripts/nph-omniscgi.exe&OmnisLibrary=JURISWEB&OmnisClass=rtFindinfoWebHtmlService&OmnisServer=7001&Parametername=WWW_V4&Schema=VD_TA_WEB&Source=search.fiw&Aufruf=getMarkupDocument&cSprache=FRE&nF30_KEY=164191&W10_KEY=10550255&nTrefferzeile=16&Template=search/standard/results/document.fiw", "Checksum": "55060c0eb865a8ba0daa67bdd2a25763"}, "Scrapedate": "2023-01-01", "Num": ["PE.2010.0404"], "Kopfzeile": [{"Sprachen": ["fr", "de", "it"], "Text": "Vaud Tribunal cantonal Cour de droit administratif et public 14.12.2010 PE.2010.0404"}], "Meta": [{"Sprachen": ["de"], "Text": "Waadt  Cour de droit administratif et public"}, {"Sprachen": ["fr"], "Text": "Vaud Tribunal cantonal Cour de droit administratif et public"}, {"Sprachen": ["it"], "Text": "Vaud  Cour de droit administratif et public"}], "Abstract": [{"Sprachen": ["de", "fr", "it"], "Text": "A. X.________ c/Service de la population (SPOP), D\u00e9partement de l'int\u00e9rieur | R\u00e9vocation de l'autorisation d'\u00e9tablissement d'un ressortissant \u00e9quatorien condamn\u00e9 \u00e0 une peine privative de libert\u00e9 de deux ans. Au vu de la nature violente des infractions commises par le recourant et de la faible prise de conscience des cons\u00e9quences de ses actes, la d\u00e9cision attaqu\u00e9e n'appara\u00eet pas disproportionn\u00e9e, ce d'autant plus qu'il est arriv\u00e9 en Suisse en 2002, alors qu'il \u00e9tait \u00e2g\u00e9 de 25 ans, qu'il vit s\u00e9par\u00e9 de son \u00e9pouse et de leurs deux enfants, qu'une reprise de la vie commune appara\u00eet pour le moins compromise et qu'il ne devrait pas rencontrer de probl\u00e8me de r\u00e9int\u00e9gration dans son pays d'origine o\u00f9 il a grandi et v\u00e9cu de nombreuses ann\u00e9es. Recours rejet\u00e9.\rArr\u00eat de la Cour de droit administratif et public confirm\u00e9 par le Tribunal f\u00e9d\u00e9ral (2C_48/2011)."}], "ScrapyJob": "446973/40/2238", "Zeit UTC": "11.04.2026 00:17:50", "Checksum": "808def7b115a2f629c52e757d396b31c"}