{"Signatur": "VD_TC_031", "Spider": "VD_Omni", "Sprache": "fr", "Datum": "2011-03-30", "HTML": {"Datei": "VD_Omni/VD_TC_031_PE-2010-0476_2011-03-30.html", "URL": "http://www.jurisprudence.vd.ch/scripts/nph-omniscgi.exe?OmnisPlatform=WINDOWS&WebServerUrl=&WebServerScript=/scripts/nph-omniscgi.exe&OmnisLibrary=JURISWEB&OmnisClass=rtFindinfoWebHtmlService&OmnisServer=7001&Parametername=WWW_V4&Schema=VD_TA_WEB&Source=search.fiw&Aufruf=getMarkupDocument&cSprache=FRE&nF30_KEY=164717&W10_KEY=10550255&nTrefferzeile=18&Template=search/standard/results/document.fiw", "Checksum": "5bece00a1789addeac260eab1220f33c"}, "Scrapedate": "2023-01-01", "Num": ["PE.2010.0476"], "Kopfzeile": [{"Sprachen": ["fr", "de", "it"], "Text": "Vaud Tribunal cantonal Cour de droit administratif et public 30.03.2011 PE.2010.0476"}], "Meta": [{"Sprachen": ["de"], "Text": "Waadt  Cour de droit administratif et public"}, {"Sprachen": ["fr"], "Text": "Vaud Tribunal cantonal Cour de droit administratif et public"}, {"Sprachen": ["it"], "Text": "Vaud  Cour de droit administratif et public"}], "Abstract": [{"Sprachen": ["de", "fr", "it"], "Text": "X._________ c/D\u00e9partement de l'int\u00e9rieur, Service de la population (SPOP) | R\u00e9vocation confirm\u00e9e d'une autorisation d'\u00e9tablissement ; au terme de la pes\u00e9e des int\u00e9r\u00eats en pr\u00e9sence, le tribunal consid\u00e8re que l'int\u00e9r\u00eat priv\u00e9 du recourant \u00e0 demeurer en Suisse est relatif par rapport \u00e0 la gravit\u00e9 des infractions commises (quatre peines privatives de libert\u00e9 pour une quotit\u00e9 totale de quatre ans cinq mois et douze jours pour viol, l\u00e9sions corporelles simples et voies de fait notamment) ; la gravit\u00e9 des faits et l'absence de prise de conscience du caract\u00e8re illicite des actes commis rev\u00eatent un poids pr\u00e9pond\u00e9rant par rapport \u00e0 l'int\u00e9r\u00eat priv\u00e9 du recourant \u00e0 demeurer en Suisse aupr\u00e8s de ses enfants avec qui il n'entretient pas de relation \u00e9troite et effective au sens de l'art. 8 CEDH. La dur\u00e9e de son s\u00e9jour en Suisse de 15 ans ne change rien \u00e0 cet \u00e9gard, \u00e9tant donn\u00e9 qu'il est arriv\u00e9 \u00e0 l'\u00e2ge de 24 ans et qu'il a ainsi pass\u00e9 les ann\u00e9es importantes de sa vie dans son pays d'origine. Par ailleurs, le recourant n'a fait preuve d'aucune int\u00e9gration socio-professionnelle et d\u00e9pend de l'aide sociale."}], "ScrapyJob": "446973/40/2238", "Zeit UTC": "11.04.2026 00:09:59", "Checksum": "6dfc142b9aa712f83ad579cf6849442f"}