{"Signatur": "VD_TC_031", "Spider": "VD_Omni", "Sprache": "fr", "Datum": "2011-03-25", "HTML": {"Datei": "VD_Omni/VD_TC_031_PE-2010-0580_2011-03-25.html", "URL": "http://www.jurisprudence.vd.ch/scripts/nph-omniscgi.exe?OmnisPlatform=WINDOWS&WebServerUrl=&WebServerScript=/scripts/nph-omniscgi.exe&OmnisLibrary=JURISWEB&OmnisClass=rtFindinfoWebHtmlService&OmnisServer=7001&Parametername=WWW_V4&Schema=VD_TA_WEB&Source=search.fiw&Aufruf=getMarkupDocument&cSprache=FRE&nF30_KEY=164675&W10_KEY=10550255&nTrefferzeile=47&Template=search/standard/results/document.fiw", "Checksum": "0c3fc1bc85faf18e30606678efbaaaf9"}, "Scrapedate": "2023-01-01", "Num": ["PE.2010.0580"], "Kopfzeile": [{"Sprachen": ["fr", "de", "it"], "Text": "Vaud Tribunal cantonal Cour de droit administratif et public 25.03.2011 PE.2010.0580"}], "Meta": [{"Sprachen": ["de"], "Text": "Waadt  Cour de droit administratif et public"}, {"Sprachen": ["fr"], "Text": "Vaud Tribunal cantonal Cour de droit administratif et public"}, {"Sprachen": ["it"], "Text": "Vaud  Cour de droit administratif et public"}], "Abstract": [{"Sprachen": ["de", "fr", "it"], "Text": "A.X.________ c/Service de la population (SPOP) | Ressortissant kosovar arriv\u00e9 en Suisse en mars 2009 afin d'y rejoindre son \u00e9pouse, ressortissante kosovare au b\u00e9n\u00e9fice d'une autorisation d'\u00e9tablissement, d'avec laquelle il s'est s\u00e9par\u00e9 d\u00e8s le mois de mai 2009; refus de renouvellement de son autorisation de s\u00e9jour par l'autorit\u00e9, au vu de cette s\u00e9paration. Compte tenu des d\u00e9clarations de l'\u00e9pouse de l'int\u00e9ress\u00e9, il appara\u00eet clairement que la communaut\u00e9 familiale n'a pas \u00e9t\u00e9 maintenue ensuite de la s\u00e9paration du couple. Par ailleurs, absence manifeste de raisons personnelles majeures de nature \u00e0 justifier la poursuite du s\u00e9jour en Suisse du recourant, qui a v\u00e9cu dans son pays d'origine, o\u00f9 r\u00e9sident notamment deux de ses fils n\u00e9s d'une pr\u00e9c\u00e9dente union, durant plus de 40 ans, qui ne peut se pr\u00e9valoir d'aucune qualification professionnelle particuli\u00e8re et qui ne parle le fran\u00e7ais \"que par quelques bribes\". Recours manifestement mal fond\u00e9, rejet\u00e9 par d\u00e9cision imm\u00e9diate (au sens de l'art. 82 LPA-VD). \r\r"}], "ScrapyJob": "446973/40/2238", "Zeit UTC": "11.04.2026 00:09:34", "Checksum": "fb5e78572c41c1f5876b16b57bcccad2"}