{"Signatur": "VD_TC_031", "Spider": "VD_Omni", "Sprache": "fr", "Datum": "2014-01-08", "HTML": {"Datei": "VD_Omni/VD_TC_031_PE-2012-0200_2014-01-08.html", "URL": "http://www.jurisprudence.vd.ch/scripts/nph-omniscgi.exe?OmnisPlatform=WINDOWS&WebServerUrl=&WebServerScript=/scripts/nph-omniscgi.exe&OmnisLibrary=JURISWEB&OmnisClass=rtFindinfoWebHtmlService&OmnisServer=7001&Parametername=WWW_V4&Schema=VD_TA_WEB&Source=search.fiw&Aufruf=getMarkupDocument&cSprache=FRE&nF30_KEY=169383&W10_KEY=10550255&nTrefferzeile=9&Template=search/standard/results/document.fiw", "Checksum": "0f8a59d395aeba7768ffd864cfc545e6"}, "Scrapedate": "2023-01-01", "Num": ["PE.2012.0200"], "Kopfzeile": [{"Sprachen": ["fr", "de", "it"], "Text": "Vaud Tribunal cantonal Cour de droit administratif et public 08.01.2014 PE.2012.0200"}], "Meta": [{"Sprachen": ["de"], "Text": "Waadt  Cour de droit administratif et public"}, {"Sprachen": ["fr"], "Text": "Vaud Tribunal cantonal Cour de droit administratif et public"}, {"Sprachen": ["it"], "Text": "Vaud  Cour de droit administratif et public"}], "Abstract": [{"Sprachen": ["de", "fr", "it"], "Text": "A. X.________/Service de la population (SPOP) | Recours contre une d\u00e9cision refusant la prolongation de l'autorisation de s\u00e9jour en faveur d'un ressortissant du Bangladesh \u00e0 la suite de la s\u00e9paration d'avec son \u00e9pouse, ressortissante helv\u00e9tique. Quoi qu'en dise l'int\u00e9ress\u00e9, on ne saurait retenir l'existence de raisons personnelles majeures, respectivement d'un cas individuel d'extr\u00eame gravit\u00e9, \u00e9tant notamment rappel\u00e9, s'agissant de la dur\u00e9e du s\u00e9jour en Suisse \u00e0 prendre en compte, que les ann\u00e9es pass\u00e9es au b\u00e9n\u00e9fice d'une simple tol\u00e9rance ne sauraient se r\u00e9v\u00e9ler d\u00e9terminantes dans ce cadre. Le recourant ne peut pas davantage se pr\u00e9valoir de son droit au respect de la vie familiale en lien avec la relation qu'il entretient avec son fils, faute d'\u00e9tablir l'existence de liens familiaux particuli\u00e8rement forts d'un point de vue affectif et \u00e9conomique avec ce dernier; il est en outre rappel\u00e9 que la Convention relative aux droits de l'enfant (CDE) ne conf\u00e8re ni \u00e0 l'enfant ni \u00e0 ses parents un droit \u00e0 la r\u00e9union de la famille ou une pr\u00e9tention directe \u00e0 l'obtention d'une autorisation de s\u00e9jour. Recours rejet\u00e9.  \r"}], "ScrapyJob": "446973/40/2238", "Zeit UTC": "10.04.2026 23:13:49", "Checksum": "94a2625c01b69e49ba1685a0a7d24f64"}