{"Signatur": "VD_TC_031", "Spider": "VD_Omni", "Sprache": "fr", "Datum": "2013-06-12", "HTML": {"Datei": "VD_Omni/VD_TC_031_PE-2012-0445_2013-06-12.html", "URL": "http://www.jurisprudence.vd.ch/scripts/nph-omniscgi.exe?OmnisPlatform=WINDOWS&WebServerUrl=&WebServerScript=/scripts/nph-omniscgi.exe&OmnisLibrary=JURISWEB&OmnisClass=rtFindinfoWebHtmlService&OmnisServer=7001&Parametername=WWW_V4&Schema=VD_TA_WEB&Source=search.fiw&Aufruf=getMarkupDocument&cSprache=FRE&nF30_KEY=168360&W10_KEY=10550255&nTrefferzeile=41&Template=search/standard/results/document.fiw", "Checksum": "7c05b8b655bf5e529aed28d66c4ff45a"}, "Scrapedate": "2023-01-01", "Num": ["PE.2012.0445"], "Kopfzeile": [{"Sprachen": ["fr", "de", "it"], "Text": "Vaud Tribunal cantonal Cour de droit administratif et public 12.06.2013 PE.2012.0445"}], "Meta": [{"Sprachen": ["de"], "Text": "Waadt  Cour de droit administratif et public"}, {"Sprachen": ["fr"], "Text": "Vaud Tribunal cantonal Cour de droit administratif et public"}, {"Sprachen": ["it"], "Text": "Vaud  Cour de droit administratif et public"}], "Abstract": [{"Sprachen": ["de", "fr", "it"], "Text": "X.________ c/Service de la population (SPOP), D\u00e9partement de l'\u00e9conomie et du sport | Admission du recours d'un ressortissant kosovar contre la d\u00e9cision r\u00e9voquant son autorisation d'\u00e9tablissement. M\u00eame si le recourant a \u00e9t\u00e9 condamn\u00e9 en 2007 \u00e0 une peine privative de libert\u00e9 de trois ans pour homicide par n\u00e9gligence et violations graves de la LCR (accident de la circulation ayant entra\u00een\u00e9 la mort de son cousin) et avait d\u00e9j\u00e0 \u00e9t\u00e9 condamn\u00e9 entre 2002 et 2004 pour des infractions \u00e0 la LCR et des l\u00e9sions corporelles simples (altercation avec un agent de s\u00e9curit\u00e9 en 2001), ces infractions ne sont pas d'une gravit\u00e9 telle que des \u00e9l\u00e9ments positifs, dans la situation personnelle ou familiale du recourant, ne pourraient avoir qu'une importance secondaire dans la pes\u00e9e des int\u00e9r\u00eats. En l'occurence, l'int\u00e9r\u00eat priv\u00e9 du recourant, n\u00e9 en 1976, arriv\u00e9 en Suisse en 1989, \u00e0 pouvoir continuer de vivre dans le pays o\u00f9 habitent son \u00e9pouse et leurs quatre enfants, naturalis\u00e9s suisses depuis mars 2013, ainsi que ses parents et son fr\u00e8re et sa famille (\u00e9galement suisses), et l'int\u00e9r\u00eat de sa famille, l'emportent sur l'int\u00e9r\u00eat public \u00e0 l'\u00e9loigner."}], "ScrapyJob": "446973/40/2238", "Zeit UTC": "10.04.2026 23:22:12", "Checksum": "2830cd3c43a15e107befa8cf431cafbd"}