{"Signatur": "VD_TC_031", "Spider": "VD_Omni", "Sprache": "fr", "Datum": "2014-04-11", "HTML": {"Datei": "VD_Omni/VD_TC_031_PE-2013-0188_2014-04-11.html", "URL": "http://www.jurisprudence.vd.ch/scripts/nph-omniscgi.exe?OmnisPlatform=WINDOWS&WebServerUrl=&WebServerScript=/scripts/nph-omniscgi.exe&OmnisLibrary=JURISWEB&OmnisClass=rtFindinfoWebHtmlService&OmnisServer=7001&Parametername=WWW_V4&Schema=VD_TA_WEB&Source=search.fiw&Aufruf=getMarkupDocument&cSprache=FRE&nF30_KEY=169828&W10_KEY=10550255&nTrefferzeile=31&Template=search/standard/results/document.fiw", "Checksum": "b5a84a125d27156f5a45dc976a1b9e6e"}, "Scrapedate": "2023-01-01", "Num": ["PE.2013.0188"], "Kopfzeile": [{"Sprachen": ["fr", "de", "it"], "Text": "Vaud Tribunal cantonal Cour de droit administratif et public 11.04.2014 PE.2013.0188"}], "Meta": [{"Sprachen": ["de"], "Text": "Waadt  Cour de droit administratif et public"}, {"Sprachen": ["fr"], "Text": "Vaud Tribunal cantonal Cour de droit administratif et public"}, {"Sprachen": ["it"], "Text": "Vaud  Cour de droit administratif et public"}], "Abstract": [{"Sprachen": ["de", "fr", "it"], "Text": "X.______________ c/Service de la population (SPOP) | Confirmation du refus de renouveler l'autorisation de s\u00e9jour d'un ressortissant p\u00e9ruvien, n\u00e9 le 3 d\u00e9cembre 1988, entr\u00e9 en Suisse en 2000, qui a \u00e9t\u00e9 mis en 2009 au b\u00e9n\u00e9fice d'une autorisation de s\u00e9jour en suite de son mariage avec une Suissesse. Ayant v\u00e9cu moins de deux ans en m\u00e9nage commun avec son ex-\u00e9pouse, le recourant se pr\u00e9vaut de raisons personnelles majeures au sens de l'art. 50 al. 1 let. b LEtr et invoque le cas individuel d'extr\u00eame gravit\u00e9 au sens de l'art. 30 al.1 let b LEtr. Or, il ne remplit pas les conditions de ces dispositions. En particulier, il ne fait pas \u00e9tat d'une int\u00e9gration socio-professionnelle r\u00e9ussie susceptible de justifier le renouvellement de son autorisation de s\u00e9jour. Il a entrepris trois apprentissages diff\u00e9rents qu'il n'a pas achev\u00e9s, de sorte qu'il se trouve sans formation professionnelle aboutie. Il \u00e9marge \u00e0 l'aide sociale et son comportement en Suisse n'est pas exempt de tout reproche. M\u00eame s'il est ind\u00e9niable que la r\u00e9int\u00e9gration du recourant dans son pays d'origine ne sera pas \u00e9vidente (il est arriv\u00e9 en Suisse \u00e0 l'\u00e2ge de 11 ans, y vit depuis maintenant 14 ans et ses parents proches vivent en Suisse et en Espagne), elle ne sera cependant pas compromise: il en parle la langue, y a des souvenirs, est jeune, apte \u00e0 travailler et pourrait en principe trouver un emploi dans un autre pays. S'agissant de la dur\u00e9e de son s\u00e9jour, il convient de tenir compte du fait que le recourant a pass\u00e9 les neuf premi\u00e8res ann\u00e9es de sa vie en Suisse dans l'ill\u00e9galit\u00e9. Recours rejet\u00e9."}], "ScrapyJob": "446973/40/2238", "Zeit UTC": "10.04.2026 23:05:38", "Checksum": "625760bf48244c6f2cbf80d29207a1ef"}