{"Signatur": "VD_TC_031", "Spider": "VD_Omni", "Sprache": "fr", "Datum": "2014-08-04", "HTML": {"Datei": "VD_Omni/VD_TC_031_PE-2013-0478_2014-08-04.html", "URL": "http://www.jurisprudence.vd.ch/scripts/nph-omniscgi.exe?OmnisPlatform=WINDOWS&WebServerUrl=&WebServerScript=/scripts/nph-omniscgi.exe&OmnisLibrary=JURISWEB&OmnisClass=rtFindinfoWebHtmlService&OmnisServer=7001&Parametername=WWW_V4&Schema=VD_TA_WEB&Source=search.fiw&Aufruf=getMarkupDocument&cSprache=FRE&nF30_KEY=170235&W10_KEY=10550255&nTrefferzeile=4&Template=search/standard/results/document.fiw", "Checksum": "8931de7f902746b84925859181debd10"}, "Scrapedate": "2023-01-01", "Num": ["PE.2013.0478"], "Kopfzeile": [{"Sprachen": ["fr", "de", "it"], "Text": "Vaud Tribunal cantonal Cour de droit administratif et public 04.08.2014 PE.2013.0478"}], "Meta": [{"Sprachen": ["de"], "Text": "Waadt  Cour de droit administratif et public"}, {"Sprachen": ["fr"], "Text": "Vaud Tribunal cantonal Cour de droit administratif et public"}, {"Sprachen": ["it"], "Text": "Vaud  Cour de droit administratif et public"}], "Abstract": [{"Sprachen": ["de", "fr", "it"], "Text": "X._____________ c/Service de la population (SPOP) | N'a pas acquis le statut de travailleur et ne peut se pr\u00e9valoir de la protection conf\u00e9r\u00e9e par l'art. 6 al. 6 Annexe I ALCP, le recourant, de nationalit\u00e9 fran\u00e7aise, qui a occup\u00e9 en 8 ans trois emplois qui ont tous eu une dur\u00e9e inf\u00e9rieure \u00e0 un an et ont \u00e9t\u00e9 entrecoup\u00e9s de p\u00e9riodes de ch\u00f4mage, respectivement d'incapacit\u00e9 de travail pour cause de maladie. Emargeant \u00e0 l'assistance publique, il ne remplit pas non plus les conditions qui lui permettraient de continuer \u00e0 s\u00e9journer en Suisse en qualit\u00e9 de personne n'exer\u00e7ant pas d'activit\u00e9 \u00e9conomique au sens de l'art. 24 Annexe I ALCP. Enfin, ne pr\u00e9tendant pas que son incapacit\u00e9 de travail \u00e0 100 % serait permanente, le recourant ne peut pas non plus invoquer le droit de demeurer apr\u00e8s la fin de son activit\u00e9 \u00e9conomique pr\u00e9vu \u00e0 l'art. 4 al. 1 Annexe I ALCP. Il ne s'agit pas d'un cas de rigueur et le recours dirig\u00e9 contre la d\u00e9cision r\u00e9voquant le permis de s\u00e9jour doit \u00eatre rejet\u00e9.\rRequ\u00eate de restitution du d\u00e9lai de recours au TF rejet\u00e9e (2C_926/2014 du 17 octobre 2014)."}], "ScrapyJob": "446973/40/2238", "Zeit UTC": "10.04.2026 23:06:58", "Checksum": "c3ec9a06d1c5272b71c4e0006abbe9fd"}