{"Signatur": "VD_TC_031", "Spider": "VD_Omni", "Sprache": "fr", "Datum": "2014-06-24", "HTML": {"Datei": "VD_Omni/VD_TC_031_PE-2014-0030_2014-06-24.html", "URL": "http://www.jurisprudence.vd.ch/scripts/nph-omniscgi.exe?OmnisPlatform=WINDOWS&WebServerUrl=&WebServerScript=/scripts/nph-omniscgi.exe&OmnisLibrary=JURISWEB&OmnisClass=rtFindinfoWebHtmlService&OmnisServer=7001&Parametername=WWW_V4&Schema=VD_TA_WEB&Source=search.fiw&Aufruf=getMarkupDocument&cSprache=FRE&nF30_KEY=170092&W10_KEY=10550255&nTrefferzeile=31&Template=search/standard/results/document.fiw", "Checksum": "32d999bc65637230b6224dfac58cc618"}, "Scrapedate": "2023-01-01", "Num": ["PE.2014.0030"], "Kopfzeile": [{"Sprachen": ["fr", "de", "it"], "Text": "Vaud Tribunal cantonal Cour de droit administratif et public 24.06.2014 PE.2014.0030"}], "Meta": [{"Sprachen": ["de"], "Text": "Waadt  Cour de droit administratif et public"}, {"Sprachen": ["fr"], "Text": "Vaud Tribunal cantonal Cour de droit administratif et public"}, {"Sprachen": ["it"], "Text": "Vaud  Cour de droit administratif et public"}], "Abstract": [{"Sprachen": ["de", "fr", "it"], "Text": "X._____________, Y._____________, Z._____________, A._____________, B._____________ c/Service de la population (SPOP) | Confirmation du refus du SPOP de d\u00e9livrer une autorisation de s\u00e9jour pour cas de rigueur \u00e0 une ressortissante kosovare et \u00e0 ses trois enfants (n\u00e9s en 1992, 1995 et 2000). La recourante, accompagn\u00e9e de ses deux premiers enfants, \u00e9tait venue une premi\u00e8re fois en Suisse en 1998, pour y rejoindre le p\u00e8re de ses enfants. Les demandes d'asile de toute la famille ayant \u00e9t\u00e9 rejet\u00e9es, la recourante est repartie vivre au Kosovo avec ses trois enfants en septembre 2000 et ils y ont v\u00e9cu jusqu'au 27 ao\u00fbt 2007, date \u00e0 laquelle ils ont rejoint leur compagnon respectivement p\u00e8re, qui est rest\u00e9 ill\u00e9galement en Suisse. Rien n'indique que la recourante et ses trois enfants seraient confront\u00e9s \u00e0 de graves difficult\u00e9s pour se r\u00e9int\u00e9grer dans leur pays d'origine. Par ailleurs, le fils encore mineur pourra garder des contacts avec son p\u00e8re et lui rendre visite si ce dernier, qui a \u00e9t\u00e9 attribu\u00e9 au canton du Tessin dans le cadre de sa proc\u00e9dure d'asile et qui est actuellement sans titre de s\u00e9jour en Suisse, ne retourne pas au Kosovo."}], "ScrapyJob": "446973/40/2238", "Zeit UTC": "10.04.2026 23:02:21", "Checksum": "24031b5d27f2ecdb62a0fcde579e2554"}