{"Signatur": "VD_TC_031", "Spider": "VD_Omni", "Sprache": "fr", "Datum": "2014-07-17", "HTML": {"Datei": "VD_Omni/VD_TC_031_PE-2014-0158_2014-07-17.html", "URL": "http://www.jurisprudence.vd.ch/scripts/nph-omniscgi.exe?OmnisPlatform=WINDOWS&WebServerUrl=&WebServerScript=/scripts/nph-omniscgi.exe&OmnisLibrary=JURISWEB&OmnisClass=rtFindinfoWebHtmlService&OmnisServer=7001&Parametername=WWW_V4&Schema=VD_TA_WEB&Source=search.fiw&Aufruf=getMarkupDocument&cSprache=FRE&nF30_KEY=170184&W10_KEY=10550255&nTrefferzeile=8&Template=search/standard/results/document.fiw", "Checksum": "d2d72e16b87c2f3e2378e5302a140c4a"}, "Scrapedate": "2023-01-01", "Num": ["PE.2014.0158"], "Kopfzeile": [{"Sprachen": ["fr", "de", "it"], "Text": "Vaud Tribunal cantonal Cour de droit administratif et public 17.07.2014 PE.2014.0158"}], "Meta": [{"Sprachen": ["de"], "Text": "Waadt  Cour de droit administratif et public"}, {"Sprachen": ["fr"], "Text": "Vaud Tribunal cantonal Cour de droit administratif et public"}, {"Sprachen": ["it"], "Text": "Vaud  Cour de droit administratif et public"}], "Abstract": [{"Sprachen": ["de", "fr", "it"], "Text": "A.X.________/Service de la population (SPOP) | Confirmation de la r\u00e9vocation de l'autorisation de s\u00e9jour d\u00e9livr\u00e9e en faveur d'un \u00e9tranger n\u00e9 en Cisjordanie, mais dont la nationalit\u00e9 n'a pu \u00eatre \u00e9lucid\u00e9e. Le but de ce s\u00e9jour \u00e9tait de lui permettre de vivre aux c\u00f4t\u00e9s de sa concubine, Suissesse, et de leurs deux enfants; il est aujourd'hui atteint puisque les concubins vivent durablement s\u00e9par\u00e9s depuis quatre ans et que la garde des enfants a \u00e9t\u00e9 confi\u00e9e \u00e0 leur m\u00e8re. Le recourant n'entretient pas avec ses enfants des relations \u00e9troites et effectives, puisque celles-ci sont strictement limit\u00e9es \u00e0 un droit de visite bimensuel, qui s'exerce actuellement par l'interm\u00e9diaire de la Fondation \"Point Rencontre\". Le recourant s\u00e9journe sans interruption en Suisse depuis bient\u00f4t quatorze ans mais vit de l'assistance publique depuis plusieurs ann\u00e9es; son int\u00e9gration appara\u00eet comme \u00e9tant plut\u00f4t moyenne. Il n'est pas d\u00e9montr\u00e9 en quoi le recourant serait davantage expos\u00e9 aux difficult\u00e9s que ses compatriotes rest\u00e9s au pays; par cons\u00e9quent, celui-ci ne se trouve pas dans une situation de d\u00e9tresse personnelle, au point qu'il faille d\u00e9roger aux conditions d'admission en Suisse.\rRecours d\u00e9clar\u00e9 irrecevable par ATF 2C_799/2014 du 16 septembre 2014."}], "ScrapyJob": "446973/40/2238", "Zeit UTC": "10.04.2026 23:06:49", "Checksum": "24461524dddc1587c3f05c454b2aa612"}